{"id":35308,"date":"2015-01-29T10:09:39","date_gmt":"2015-01-29T13:09:39","guid":{"rendered":"http:\/\/www.notibras.com\/site\/?p=35308"},"modified":"2015-01-29T10:09:39","modified_gmt":"2015-01-29T13:09:39","slug":"empreendedorismo-o-lado-imbativel-da-mulher-brasileira","status":"publish","type":"post","link":"https:\/\/www.notibras.com\/site\/empreendedorismo-o-lado-imbativel-da-mulher-brasileira\/","title":{"rendered":"Empreendedorismo, o lado imbat\u00edvel da mulher brasileira"},"content":{"rendered":"<p>No que diz respeito \u00e0 gest\u00e3o de empresas, mulheres e homens t\u00eam competido no mercado em p\u00e1reo acirrado. Nos \u00faltimos dez anos, o n\u00famero de empreendedoras que assumiram cargos de chefia no Brasil subiu 21,4%, de acordo com um levantamento elaborado pelo Sebrae em 2014.<\/p>\n<p>Independ\u00eancia financeira, status, vis\u00e3o empreendedora e busca por novos espa\u00e7os est\u00e3o entre os principais motivos que tornaram o mercado mais competitivo. Elas s\u00e3o mais comprometidas e vision\u00e1rias, e enxergam o todo com mais facilidade do que os homens, que est\u00e3o habituados a trabalhar com uma vis\u00e3o mais focada e objetiva. Algumas at\u00e9 identificam o que \u00e9 melhor para o grupo de forma mais humana e respons\u00e1vel.<\/p>\n<p>Outro \u00edndice tamb\u00e9m interessante sobre a conquista das mulheres no mercado de trabalho \u00e9 no segmento da constru\u00e7\u00e3o civil, ramo historicamente dominado pelos homens. Segundo o Minist\u00e9rio do Trabalho e Emprego (MTE), a qualifica\u00e7\u00e3o de mulheres para o canteiro de obras j\u00e1 \u00e9 uma realidade em todas as regi\u00f5es brasileiras.<\/p>\n<blockquote><p>\u00c9 poss\u00edvel acompanhar de perto o aumento da presen\u00e7a das mulheres na constru\u00e7\u00e3o civil, afinal, \u00e9 uma realidade cada vez mais forte. A evolu\u00e7\u00e3o acontece n\u00e3o s\u00f3 nas \u00e1reas de chefia ou administrativa, mas tamb\u00e9m no canteiro de obras. Uma clara demonstra\u00e7\u00e3o de que o mundo est\u00e1 ficando menos machista e dando mais liberdade a n\u00f3s.<\/p><\/blockquote>\n<p>O crescimento da mulher no mercado de trabalho se deve, sobretudo, a uma conquista pela igualdade de direitos que teve seu ponto culminante nos anos 60. As mulheres carregam em seu DNA caracter\u00edsticas diferenciadas dos homens, que se acentuam em trabalhos que envolvam a capacidade de organiza\u00e7\u00e3o, a observa\u00e7\u00e3o dos detalhes, a sensibilidade e a confiabilidade. Esses motivos as talharam para desempenhar pap\u00e9is importantes e de lideran\u00e7a nas empresas.<\/p>\n<p><strong>Janine Brito<\/strong><\/p>\n","protected":false},"excerpt":{"rendered":"<p>No que diz respeito \u00e0 gest\u00e3o de empresas, mulheres e homens t\u00eam competido no mercado em p\u00e1reo acirrado. Nos \u00faltimos dez anos, o n\u00famero de empreendedoras que assumiram cargos de chefia no Brasil subiu 21,4%, de acordo com um levantamento elaborado pelo Sebrae em 2014. Independ\u00eancia financeira, status, vis\u00e3o empreendedora e busca por novos espa\u00e7os [&hellip;]<\/p>\n","protected":false},"author":2,"featured_media":35312,"comment_status":"open","ping_status":"closed","sticky":false,"template":"","format":"standard","meta":{"_acf_changed":false,"footnotes":""},"categories":[25],"tags":[],"class_list":["post-35308","post","type-post","status-publish","format-standard","has-post-thumbnail","hentry","category-opina-ai"],"acf":[],"yoast_head":"<!-- This site is optimized with the Yoast SEO plugin v27.2 - https:\/\/yoast.com\/product\/yoast-seo-wordpress\/ -->\n<title>Empreendedorismo, o lado imbat\u00edvel da mulher brasileira - Notibras<\/title>\n<meta name=\"robots\" content=\"index, follow, max-snippet:-1, max-image-preview:large, max-video-preview:-1\" \/>\n<link rel=\"canonical\" href=\"https:\/\/www.notibras.com\/site\/empreendedorismo-o-lado-imbativel-da-mulher-brasileira\/\" \/>\n<meta property=\"og:locale\" content=\"pt_BR\" \/>\n<meta property=\"og:type\" content=\"article\" \/>\n<meta property=\"og:title\" content=\"Empreendedorismo, o lado imbat\u00edvel da mulher brasileira - Notibras\" \/>\n<meta property=\"og:description\" content=\"No que diz respeito \u00e0 gest\u00e3o de empresas, mulheres e homens t\u00eam competido no mercado em p\u00e1reo acirrado. Nos \u00faltimos dez anos, o n\u00famero de empreendedoras que assumiram cargos de chefia no Brasil subiu 21,4%, de acordo com um levantamento elaborado pelo Sebrae em 2014. Independ\u00eancia financeira, status, vis\u00e3o empreendedora e busca por novos espa\u00e7os [&hellip;]\" \/>\n<meta property=\"og:url\" content=\"https:\/\/www.notibras.com\/site\/empreendedorismo-o-lado-imbativel-da-mulher-brasileira\/\" \/>\n<meta property=\"og:site_name\" content=\"Notibras\" \/>\n<meta property=\"article:publisher\" content=\"https:\/\/www.facebook.com\/notibras\/\" \/>\n<meta property=\"article:published_time\" content=\"2015-01-29T13:09:39+00:00\" \/>\n<meta property=\"og:image\" content=\"https:\/\/www.notibras.com\/site\/wp-content\/uploads\/2015\/01\/empreendedora.jpg\" \/>\n\t<meta property=\"og:image:width\" content=\"1458\" \/>\n\t<meta property=\"og:image:height\" content=\"1045\" \/>\n\t<meta property=\"og:image:type\" content=\"image\/jpeg\" \/>\n<meta name=\"author\" content=\"Reda\u00e7\u00e3o\" \/>\n<meta name=\"twitter:card\" content=\"summary_large_image\" \/>\n<meta name=\"twitter:creator\" content=\"@Notibras\" \/>\n<meta name=\"twitter:site\" content=\"@Notibras\" \/>\n<meta name=\"twitter:label1\" content=\"Escrito por\" \/>\n\t<meta name=\"twitter:data1\" content=\"Reda\u00e7\u00e3o\" \/>\n\t<meta name=\"twitter:label2\" content=\"Est. tempo de leitura\" \/>\n\t<meta name=\"twitter:data2\" content=\"2 minutos\" \/>\n<script type=\"application\/ld+json\" class=\"yoast-schema-graph\">{\"@context\":\"https:\/\/schema.org\",\"@graph\":[{\"@type\":\"Article\",\"@id\":\"https:\/\/www.notibras.com\/site\/empreendedorismo-o-lado-imbativel-da-mulher-brasileira\/#article\",\"isPartOf\":{\"@id\":\"https:\/\/www.notibras.com\/site\/empreendedorismo-o-lado-imbativel-da-mulher-brasileira\/\"},\"author\":{\"name\":\"Reda\u00e7\u00e3o\",\"@id\":\"https:\/\/www.notibras.com\/site\/#\/schema\/person\/36ab0979449956132d3e5b517ea76ac8\"},\"headline\":\"Empreendedorismo, o lado imbat\u00edvel da mulher brasileira\",\"datePublished\":\"2015-01-29T13:09:39+00:00\",\"mainEntityOfPage\":{\"@id\":\"https:\/\/www.notibras.com\/site\/empreendedorismo-o-lado-imbativel-da-mulher-brasileira\/\"},\"wordCount\":318,\"commentCount\":0,\"publisher\":{\"@id\":\"https:\/\/www.notibras.com\/site\/#organization\"},\"image\":{\"@id\":\"https:\/\/www.notibras.com\/site\/empreendedorismo-o-lado-imbativel-da-mulher-brasileira\/#primaryimage\"},\"thumbnailUrl\":\"https:\/\/www.notibras.com\/site\/wp-content\/uploads\/2015\/01\/empreendedora.jpg\",\"articleSection\":[\"Opina a\u00ed\"],\"inLanguage\":\"pt-BR\",\"potentialAction\":[{\"@type\":\"CommentAction\",\"name\":\"Comment\",\"target\":[\"https:\/\/www.notibras.com\/site\/empreendedorismo-o-lado-imbativel-da-mulher-brasileira\/#respond\"]}]},{\"@type\":\"WebPage\",\"@id\":\"https:\/\/www.notibras.com\/site\/empreendedorismo-o-lado-imbativel-da-mulher-brasileira\/\",\"url\":\"https:\/\/www.notibras.com\/site\/empreendedorismo-o-lado-imbativel-da-mulher-brasileira\/\",\"name\":\"Empreendedorismo, o lado imbat\u00edvel da mulher brasileira - Notibras\",\"isPartOf\":{\"@id\":\"https:\/\/www.notibras.com\/site\/#website\"},\"primaryImageOfPage\":{\"@id\":\"https:\/\/www.notibras.com\/site\/empreendedorismo-o-lado-imbativel-da-mulher-brasileira\/#primaryimage\"},\"image\":{\"@id\":\"https:\/\/www.notibras.com\/site\/empreendedorismo-o-lado-imbativel-da-mulher-brasileira\/#primaryimage\"},\"thumbnailUrl\":\"https:\/\/www.notibras.com\/site\/wp-content\/uploads\/2015\/01\/empreendedora.jpg\",\"datePublished\":\"2015-01-29T13:09:39+00:00\",\"breadcrumb\":{\"@id\":\"https:\/\/www.notibras.com\/site\/empreendedorismo-o-lado-imbativel-da-mulher-brasileira\/#breadcrumb\"},\"inLanguage\":\"pt-BR\",\"potentialAction\":[{\"@type\":\"ReadAction\",\"target\":[\"https:\/\/www.notibras.com\/site\/empreendedorismo-o-lado-imbativel-da-mulher-brasileira\/\"]}]},{\"@type\":\"ImageObject\",\"inLanguage\":\"pt-BR\",\"@id\":\"https:\/\/www.notibras.com\/site\/empreendedorismo-o-lado-imbativel-da-mulher-brasileira\/#primaryimage\",\"url\":\"https:\/\/www.notibras.com\/site\/wp-content\/uploads\/2015\/01\/empreendedora.jpg\",\"contentUrl\":\"https:\/\/www.notibras.com\/site\/wp-content\/uploads\/2015\/01\/empreendedora.jpg\",\"width\":1458,\"height\":1045},{\"@type\":\"BreadcrumbList\",\"@id\":\"https:\/\/www.notibras.com\/site\/empreendedorismo-o-lado-imbativel-da-mulher-brasileira\/#breadcrumb\",\"itemListElement\":[{\"@type\":\"ListItem\",\"position\":1,\"name\":\"In\u00edcio\",\"item\":\"https:\/\/www.notibras.com\/site\/\"},{\"@type\":\"ListItem\",\"position\":2,\"name\":\"Empreendedorismo, o lado imbat\u00edvel da mulher brasileira\"}]},{\"@type\":\"WebSite\",\"@id\":\"https:\/\/www.notibras.com\/site\/#website\",\"url\":\"https:\/\/www.notibras.com\/site\/\",\"name\":\"Notibras\",\"description\":\"Not\u00edcias de Bras\u00edlia, do Brasil e do Mundo\",\"publisher\":{\"@id\":\"https:\/\/www.notibras.com\/site\/#organization\"},\"potentialAction\":[{\"@type\":\"SearchAction\",\"target\":{\"@type\":\"EntryPoint\",\"urlTemplate\":\"https:\/\/www.notibras.com\/site\/?s={search_term_string}\"},\"query-input\":{\"@type\":\"PropertyValueSpecification\",\"valueRequired\":true,\"valueName\":\"search_term_string\"}}],\"inLanguage\":\"pt-BR\"},{\"@type\":\"Organization\",\"@id\":\"https:\/\/www.notibras.com\/site\/#organization\",\"name\":\"Grupo Notibras de Comunica\u00e7\u00e3o\",\"url\":\"https:\/\/www.notibras.com\/site\/\",\"logo\":{\"@type\":\"ImageObject\",\"inLanguage\":\"pt-BR\",\"@id\":\"https:\/\/www.notibras.com\/site\/#\/schema\/logo\/image\/\",\"url\":\"https:\/\/www.notibras.com\/site\/wp-content\/uploads\/2023\/01\/notibras23.png\",\"contentUrl\":\"https:\/\/www.notibras.com\/site\/wp-content\/uploads\/2023\/01\/notibras23.png\",\"width\":350,\"height\":87,\"caption\":\"Grupo Notibras de Comunica\u00e7\u00e3o\"},\"image\":{\"@id\":\"https:\/\/www.notibras.com\/site\/#\/schema\/logo\/image\/\"},\"sameAs\":[\"https:\/\/www.facebook.com\/notibras\/\",\"https:\/\/x.com\/Notibras\",\"https:\/\/www.instagram.com\/notibras\/\"]},{\"@type\":\"Person\",\"@id\":\"https:\/\/www.notibras.com\/site\/#\/schema\/person\/36ab0979449956132d3e5b517ea76ac8\",\"name\":\"Reda\u00e7\u00e3o\",\"image\":{\"@type\":\"ImageObject\",\"inLanguage\":\"pt-BR\",\"@id\":\"https:\/\/secure.gravatar.com\/avatar\/e0a867bdedb85fd243eadf09663511f96fc81e0720a4a42581f334ad4303aa6b?s=96&d=mm&r=g\",\"url\":\"https:\/\/secure.gravatar.com\/avatar\/e0a867bdedb85fd243eadf09663511f96fc81e0720a4a42581f334ad4303aa6b?s=96&d=mm&r=g\",\"contentUrl\":\"https:\/\/secure.gravatar.com\/avatar\/e0a867bdedb85fd243eadf09663511f96fc81e0720a4a42581f334ad4303aa6b?s=96&d=mm&r=g\",\"caption\":\"Reda\u00e7\u00e3o\"}}]}<\/script>\n<!-- \/ Yoast SEO plugin. -->","yoast_head_json":{"title":"Empreendedorismo, o lado imbat\u00edvel da mulher brasileira - Notibras","robots":{"index":"index","follow":"follow","max-snippet":"max-snippet:-1","max-image-preview":"max-image-preview:large","max-video-preview":"max-video-preview:-1"},"canonical":"https:\/\/www.notibras.com\/site\/empreendedorismo-o-lado-imbativel-da-mulher-brasileira\/","og_locale":"pt_BR","og_type":"article","og_title":"Empreendedorismo, o lado imbat\u00edvel da mulher brasileira - Notibras","og_description":"No que diz respeito \u00e0 gest\u00e3o de empresas, mulheres e homens t\u00eam competido no mercado em p\u00e1reo acirrado. Nos \u00faltimos dez anos, o n\u00famero de empreendedoras que assumiram cargos de chefia no Brasil subiu 21,4%, de acordo com um levantamento elaborado pelo Sebrae em 2014. Independ\u00eancia financeira, status, vis\u00e3o empreendedora e busca por novos espa\u00e7os [&hellip;]","og_url":"https:\/\/www.notibras.com\/site\/empreendedorismo-o-lado-imbativel-da-mulher-brasileira\/","og_site_name":"Notibras","article_publisher":"https:\/\/www.facebook.com\/notibras\/","article_published_time":"2015-01-29T13:09:39+00:00","og_image":[{"width":1458,"height":1045,"url":"https:\/\/www.notibras.com\/site\/wp-content\/uploads\/2015\/01\/empreendedora.jpg","type":"image\/jpeg"}],"author":"Reda\u00e7\u00e3o","twitter_card":"summary_large_image","twitter_creator":"@Notibras","twitter_site":"@Notibras","twitter_misc":{"Escrito por":"Reda\u00e7\u00e3o","Est. tempo de leitura":"2 minutos"},"schema":{"@context":"https:\/\/schema.org","@graph":[{"@type":"Article","@id":"https:\/\/www.notibras.com\/site\/empreendedorismo-o-lado-imbativel-da-mulher-brasileira\/#article","isPartOf":{"@id":"https:\/\/www.notibras.com\/site\/empreendedorismo-o-lado-imbativel-da-mulher-brasileira\/"},"author":{"name":"Reda\u00e7\u00e3o","@id":"https:\/\/www.notibras.com\/site\/#\/schema\/person\/36ab0979449956132d3e5b517ea76ac8"},"headline":"Empreendedorismo, o lado imbat\u00edvel da mulher brasileira","datePublished":"2015-01-29T13:09:39+00:00","mainEntityOfPage":{"@id":"https:\/\/www.notibras.com\/site\/empreendedorismo-o-lado-imbativel-da-mulher-brasileira\/"},"wordCount":318,"commentCount":0,"publisher":{"@id":"https:\/\/www.notibras.com\/site\/#organization"},"image":{"@id":"https:\/\/www.notibras.com\/site\/empreendedorismo-o-lado-imbativel-da-mulher-brasileira\/#primaryimage"},"thumbnailUrl":"https:\/\/www.notibras.com\/site\/wp-content\/uploads\/2015\/01\/empreendedora.jpg","articleSection":["Opina a\u00ed"],"inLanguage":"pt-BR","potentialAction":[{"@type":"CommentAction","name":"Comment","target":["https:\/\/www.notibras.com\/site\/empreendedorismo-o-lado-imbativel-da-mulher-brasileira\/#respond"]}]},{"@type":"WebPage","@id":"https:\/\/www.notibras.com\/site\/empreendedorismo-o-lado-imbativel-da-mulher-brasileira\/","url":"https:\/\/www.notibras.com\/site\/empreendedorismo-o-lado-imbativel-da-mulher-brasileira\/","name":"Empreendedorismo, o lado imbat\u00edvel da mulher brasileira - Notibras","isPartOf":{"@id":"https:\/\/www.notibras.com\/site\/#website"},"primaryImageOfPage":{"@id":"https:\/\/www.notibras.com\/site\/empreendedorismo-o-lado-imbativel-da-mulher-brasileira\/#primaryimage"},"image":{"@id":"https:\/\/www.notibras.com\/site\/empreendedorismo-o-lado-imbativel-da-mulher-brasileira\/#primaryimage"},"thumbnailUrl":"https:\/\/www.notibras.com\/site\/wp-content\/uploads\/2015\/01\/empreendedora.jpg","datePublished":"2015-01-29T13:09:39+00:00","breadcrumb":{"@id":"https:\/\/www.notibras.com\/site\/empreendedorismo-o-lado-imbativel-da-mulher-brasileira\/#breadcrumb"},"inLanguage":"pt-BR","potentialAction":[{"@type":"ReadAction","target":["https:\/\/www.notibras.com\/site\/empreendedorismo-o-lado-imbativel-da-mulher-brasileira\/"]}]},{"@type":"ImageObject","inLanguage":"pt-BR","@id":"https:\/\/www.notibras.com\/site\/empreendedorismo-o-lado-imbativel-da-mulher-brasileira\/#primaryimage","url":"https:\/\/www.notibras.com\/site\/wp-content\/uploads\/2015\/01\/empreendedora.jpg","contentUrl":"https:\/\/www.notibras.com\/site\/wp-content\/uploads\/2015\/01\/empreendedora.jpg","width":1458,"height":1045},{"@type":"BreadcrumbList","@id":"https:\/\/www.notibras.com\/site\/empreendedorismo-o-lado-imbativel-da-mulher-brasileira\/#breadcrumb","itemListElement":[{"@type":"ListItem","position":1,"name":"In\u00edcio","item":"https:\/\/www.notibras.com\/site\/"},{"@type":"ListItem","position":2,"name":"Empreendedorismo, o lado imbat\u00edvel da mulher brasileira"}]},{"@type":"WebSite","@id":"https:\/\/www.notibras.com\/site\/#website","url":"https:\/\/www.notibras.com\/site\/","name":"Notibras","description":"Not\u00edcias de Bras\u00edlia, do Brasil e do Mundo","publisher":{"@id":"https:\/\/www.notibras.com\/site\/#organization"},"potentialAction":[{"@type":"SearchAction","target":{"@type":"EntryPoint","urlTemplate":"https:\/\/www.notibras.com\/site\/?s={search_term_string}"},"query-input":{"@type":"PropertyValueSpecification","valueRequired":true,"valueName":"search_term_string"}}],"inLanguage":"pt-BR"},{"@type":"Organization","@id":"https:\/\/www.notibras.com\/site\/#organization","name":"Grupo Notibras de Comunica\u00e7\u00e3o","url":"https:\/\/www.notibras.com\/site\/","logo":{"@type":"ImageObject","inLanguage":"pt-BR","@id":"https:\/\/www.notibras.com\/site\/#\/schema\/logo\/image\/","url":"https:\/\/www.notibras.com\/site\/wp-content\/uploads\/2023\/01\/notibras23.png","contentUrl":"https:\/\/www.notibras.com\/site\/wp-content\/uploads\/2023\/01\/notibras23.png","width":350,"height":87,"caption":"Grupo Notibras de Comunica\u00e7\u00e3o"},"image":{"@id":"https:\/\/www.notibras.com\/site\/#\/schema\/logo\/image\/"},"sameAs":["https:\/\/www.facebook.com\/notibras\/","https:\/\/x.com\/Notibras","https:\/\/www.instagram.com\/notibras\/"]},{"@type":"Person","@id":"https:\/\/www.notibras.com\/site\/#\/schema\/person\/36ab0979449956132d3e5b517ea76ac8","name":"Reda\u00e7\u00e3o","image":{"@type":"ImageObject","inLanguage":"pt-BR","@id":"https:\/\/secure.gravatar.com\/avatar\/e0a867bdedb85fd243eadf09663511f96fc81e0720a4a42581f334ad4303aa6b?s=96&d=mm&r=g","url":"https:\/\/secure.gravatar.com\/avatar\/e0a867bdedb85fd243eadf09663511f96fc81e0720a4a42581f334ad4303aa6b?s=96&d=mm&r=g","contentUrl":"https:\/\/secure.gravatar.com\/avatar\/e0a867bdedb85fd243eadf09663511f96fc81e0720a4a42581f334ad4303aa6b?s=96&d=mm&r=g","caption":"Reda\u00e7\u00e3o"}}]}},"amp_enabled":true,"_links":{"self":[{"href":"https:\/\/www.notibras.com\/site\/wp-json\/wp\/v2\/posts\/35308","targetHints":{"allow":["GET"]}}],"collection":[{"href":"https:\/\/www.notibras.com\/site\/wp-json\/wp\/v2\/posts"}],"about":[{"href":"https:\/\/www.notibras.com\/site\/wp-json\/wp\/v2\/types\/post"}],"author":[{"embeddable":true,"href":"https:\/\/www.notibras.com\/site\/wp-json\/wp\/v2\/users\/2"}],"replies":[{"embeddable":true,"href":"https:\/\/www.notibras.com\/site\/wp-json\/wp\/v2\/comments?post=35308"}],"version-history":[{"count":0,"href":"https:\/\/www.notibras.com\/site\/wp-json\/wp\/v2\/posts\/35308\/revisions"}],"wp:featuredmedia":[{"embeddable":true,"href":"https:\/\/www.notibras.com\/site\/wp-json\/wp\/v2\/media\/35312"}],"wp:attachment":[{"href":"https:\/\/www.notibras.com\/site\/wp-json\/wp\/v2\/media?parent=35308"}],"wp:term":[{"taxonomy":"category","embeddable":true,"href":"https:\/\/www.notibras.com\/site\/wp-json\/wp\/v2\/categories?post=35308"},{"taxonomy":"post_tag","embeddable":true,"href":"https:\/\/www.notibras.com\/site\/wp-json\/wp\/v2\/tags?post=35308"}],"curies":[{"name":"wp","href":"https:\/\/api.w.org\/{rel}","templated":true}]}}