{"id":353084,"date":"2025-04-30T07:26:53","date_gmt":"2025-04-30T10:26:53","guid":{"rendered":"https:\/\/www.notibras.com\/site\/?p=353084"},"modified":"2025-04-30T09:28:40","modified_gmt":"2025-04-30T12:28:40","slug":"abertas-inscricoes-para-olimpiada-mirim-de-matematica","status":"publish","type":"post","link":"https:\/\/www.notibras.com\/site\/abertas-inscricoes-para-olimpiada-mirim-de-matematica\/","title":{"rendered":"Abertas inscri\u00e7\u00f5es para olimp\u00edada mirim de matem\u00e1tica"},"content":{"rendered":"<p>Come\u00e7am nesta quarta-feira (30) as inscri\u00e7\u00f5es para a 4\u00aa Olimp\u00edada Mirim de Matem\u00e1tica das Escolas P\u00fablicas (Obmep), promovida pelo Instituto de Matem\u00e1tica Pura e Aplicada (Impa). A competi\u00e7\u00e3o \u00e9 voltada para alunos do 2\u00ba ao 5\u00ba ano do ensino fundamental de escolas p\u00fablicas e privadas. As inscri\u00e7\u00f5es devem ser feitas pelas institui\u00e7\u00f5es de ensino ou secretarias de Educa\u00e7\u00e3o at\u00e9 o dia 10 de junho<\/p>\n<p>Quase 11 milh\u00f5es de alunos j\u00e1 participaram das tr\u00eas edi\u00e7\u00f5es da competi\u00e7\u00e3o cient\u00edfica, da qual tamb\u00e9m podem participar professores de todo o pa\u00eds.<\/p>\n<p>\u201cA Olimp\u00edada Mirim est\u00e1 voltada tanto para as crian\u00e7as dos anos iniciais quanto para seus professores, visando levar a matem\u00e1tica para dentro da sala de aula numa perspectiva l\u00fadica e instigante\u201d, diz o diretor-geral do Impa, Marcelo Viana,<\/p>\n<p>Realizada em duas fases, as provas da Olimp\u00edada Mirim s\u00e3o aplicadas pelas escolas. A 1\u00aa etapa ocorre em 26 de agosto e consiste em uma prova classificat\u00f3ria composta de 15 quest\u00f5es objetivas (m\u00faltipla escolha). Estudantes classificados nessa etapa poder\u00e3o participar da 2\u00aa fase, em 11 de novembro. A prova tamb\u00e9m \u00e9 composta de 15 quest\u00f5es objetivas. O conte\u00fado cobrado no exame corresponde ao grau de escolaridade dos alunos, divididos nos n\u00edveis mirim 1 (2\u00ba e 3\u00ba anos do ensino fundamental) e mirim 2 (4\u00ba e 5\u00ba anos do ensino fundamental).<\/p>\n<p>A Olimp\u00edada Mirim vai disponibilizar certificados digitais correspondentes a medalhas de ouro, prata e bronze para celebrar o desempenho dos alunos.<\/p>\n<p>\u201cA iniciativa tem se consolidado como importante est\u00edmulo ao racioc\u00ednio l\u00f3gico e matem\u00e1tico entre alunos do 2\u00ba ao 5\u00ba ano do ensino fundamental. Esperamos uma participa\u00e7\u00e3o expressiva de escolas p\u00fablicas e privadas de todo pa\u00eds em mais esta edi\u00e7\u00e3o\u201d, afirma o diretor adjunto e gerente de olimp\u00edadas do Impa, Jorge Vit\u00f3rio Pereira.<\/p>\n<p><strong>Inscri\u00e7\u00f5es<\/strong><br \/>\nPara se inscrever, \u00e9 necess\u00e1rio acessar o site olimpiadamirim.obmep.org.br e utilizar o c\u00f3digo MEC\/Inep para cadastrar uma senha. O acesso \u00e0 \u00e1rea restrita ser\u00e1 feito a partir do login (c\u00f3digo MEC\/INEP) e senha criada no ato de inscri\u00e7\u00e3o. As inscri\u00e7\u00f5es devem ser feitas exclusivamente pelas escolas p\u00fablicas municipais, estaduais, federais, secretarias de Educa\u00e7\u00e3o e pelas unidades privadas.<\/p>\n<p>A inscri\u00e7\u00e3o das escolas p\u00fablicas \u00e9 gratuita e a das escolas privadas est\u00e1 vinculada ao pagamento, dentro do prazo, da taxa de inscri\u00e7\u00e3o. Na inscri\u00e7\u00e3o, o respons\u00e1vel pela candidatura deve informar o n\u00famero total de alunos participantes por n\u00edvel. N\u00e3o \u00e9 necess\u00e1rio fazer a inscri\u00e7\u00e3o nominal de cada estudante.<\/p>\n","protected":false},"excerpt":{"rendered":"<p>Come\u00e7am nesta quarta-feira (30) as inscri\u00e7\u00f5es para a 4\u00aa Olimp\u00edada Mirim de Matem\u00e1tica das Escolas P\u00fablicas (Obmep), promovida pelo Instituto de Matem\u00e1tica Pura e Aplicada (Impa). A competi\u00e7\u00e3o \u00e9 voltada para alunos do 2\u00ba ao 5\u00ba ano do ensino fundamental de escolas p\u00fablicas e privadas. As inscri\u00e7\u00f5es devem ser feitas pelas institui\u00e7\u00f5es de ensino ou [&hellip;]<\/p>\n","protected":false},"author":2,"featured_media":353085,"comment_status":"closed","ping_status":"closed","sticky":false,"template":"","format":"standard","meta":{"_acf_changed":false,"footnotes":""},"categories":[161],"tags":[],"class_list":["post-353084","post","type-post","status-publish","format-standard","has-post-thumbnail","hentry","category-quadradinho-em-foco"],"acf":[],"_links":{"self":[{"href":"https:\/\/www.notibras.com\/site\/wp-json\/wp\/v2\/posts\/353084","targetHints":{"allow":["GET"]}}],"collection":[{"href":"https:\/\/www.notibras.com\/site\/wp-json\/wp\/v2\/posts"}],"about":[{"href":"https:\/\/www.notibras.com\/site\/wp-json\/wp\/v2\/types\/post"}],"author":[{"embeddable":true,"href":"https:\/\/www.notibras.com\/site\/wp-json\/wp\/v2\/users\/2"}],"replies":[{"embeddable":true,"href":"https:\/\/www.notibras.com\/site\/wp-json\/wp\/v2\/comments?post=353084"}],"version-history":[{"count":1,"href":"https:\/\/www.notibras.com\/site\/wp-json\/wp\/v2\/posts\/353084\/revisions"}],"predecessor-version":[{"id":353086,"href":"https:\/\/www.notibras.com\/site\/wp-json\/wp\/v2\/posts\/353084\/revisions\/353086"}],"wp:featuredmedia":[{"embeddable":true,"href":"https:\/\/www.notibras.com\/site\/wp-json\/wp\/v2\/media\/353085"}],"wp:attachment":[{"href":"https:\/\/www.notibras.com\/site\/wp-json\/wp\/v2\/media?parent=353084"}],"wp:term":[{"taxonomy":"category","embeddable":true,"href":"https:\/\/www.notibras.com\/site\/wp-json\/wp\/v2\/categories?post=353084"},{"taxonomy":"post_tag","embeddable":true,"href":"https:\/\/www.notibras.com\/site\/wp-json\/wp\/v2\/tags?post=353084"}],"curies":[{"name":"wp","href":"https:\/\/api.w.org\/{rel}","templated":true}]}}