{"id":353134,"date":"2025-05-01T00:09:37","date_gmt":"2025-05-01T03:09:37","guid":{"rendered":"https:\/\/www.notibras.com\/site\/?p=353134"},"modified":"2025-05-01T10:15:11","modified_gmt":"2025-05-01T13:15:11","slug":"gonet-da-pgr-da-parecer-favoravel-a-prisao-domiciliar-para-collor","status":"publish","type":"post","link":"https:\/\/www.notibras.com\/site\/gonet-da-pgr-da-parecer-favoravel-a-prisao-domiciliar-para-collor\/","title":{"rendered":"Gonet, da PGR, d\u00e1 parecer favor\u00e1vel \u00e0 pris\u00e3o domiciliar para Collor"},"content":{"rendered":"<p>O procurador-geral da Rep\u00fablica, Paulo Gonet, enviou nesta quarta-feira (30) ao Supremo Tribunal Federal (STF) parecer favor\u00e1vel ao pedido de pris\u00e3o domiciliar para o ex-presidente Fernando Collor.<\/p>\n<p>O parecer foi solicitado pelo ministro Alexandre de Moraes, relator do caso, ap\u00f3s receber o pedido feito pela defesa do ex-presidente, que est\u00e1 preso no pres\u00eddio Baldomero Cavalcanti de Oliveira, em Macei\u00f3.<\/p>\n<p>A partir da manifesta\u00e7\u00e3o, o ministro vai decidir se concede a domiciliar.<\/p>\n<p>Na quinta-feira (25), Moraes determinou a pris\u00e3o do ex-presidente para dar in\u00edcio ao cumprimento da condena\u00e7\u00e3o a 8 anos e 10 meses de pris\u00e3o por corrup\u00e7\u00e3o passiva e lavagem de dinheiro em um dos processos da Opera\u00e7\u00e3o Lava Jato.<\/p>\n<p>Segundo os advogados, Collor n\u00e3o pode ficar no pres\u00eddio, porque tem 75 anos e possui diversas comorbidades, como doen\u00e7a de Parkinson, apneia do sono grave e transtorno afetivo bipolar.<\/p>\n<p>No parecer, Gonet afirmou que a pris\u00e3o domiciliar \u00e9 recomend\u00e1vel diante o estado de sa\u00fade de Collor.<\/p>\n<p>&#8220;A manuten\u00e7\u00e3o do custodiado em pris\u00e3o domiciliar \u00e9 medida excepcional e proporcional \u00e0 sua faixa et\u00e1ria e ao seu quadro de sa\u00fade, cuja gravidade foi devidamente comprovada&#8221;, disse Gonet.<\/p>\n<p>Em 2023, Collor foi condenado pelo STF. Conforme a condena\u00e7\u00e3o, o ex-presidente e ex-senador, como antigo dirigente do PTB, foi respons\u00e1vel por indica\u00e7\u00f5es pol\u00edticas para a BR Distribuidora, empresa subsidi\u00e1ria da Petrobras, e recebeu R$ 20 milh\u00f5es em vantagens indevidas em contratos da empresa. Segundo a den\u00fancia, os crimes ocorreram entre 2010 e 2014.<\/p>\n<p>Ao determinar a pris\u00e3o, Moraes entendeu que os recursos da defesa de Collor para derrubar a condena\u00e7\u00e3o s\u00e3o protelat\u00f3rios para evitar a condena\u00e7\u00e3o.<\/p>\n<p>Na segunda-feira (28), por 6 votos a 4, a decis\u00e3o foi referendada pelo plen\u00e1rio virtual do STF.<\/p>\n","protected":false},"excerpt":{"rendered":"<p>O procurador-geral da Rep\u00fablica, Paulo Gonet, enviou nesta quarta-feira (30) ao Supremo Tribunal Federal (STF) parecer favor\u00e1vel ao pedido de pris\u00e3o domiciliar para o ex-presidente Fernando Collor. O parecer foi solicitado pelo ministro Alexandre de Moraes, relator do caso, ap\u00f3s receber o pedido feito pela defesa do ex-presidente, que est\u00e1 preso no pres\u00eddio Baldomero Cavalcanti [&hellip;]<\/p>\n","protected":false},"author":2,"featured_media":353135,"comment_status":"closed","ping_status":"closed","sticky":false,"template":"","format":"standard","meta":{"_acf_changed":false,"footnotes":""},"categories":[165],"tags":[],"class_list":["post-353134","post","type-post","status-publish","format-standard","has-post-thumbnail","hentry","category-nordeste"],"acf":[],"_links":{"self":[{"href":"https:\/\/www.notibras.com\/site\/wp-json\/wp\/v2\/posts\/353134","targetHints":{"allow":["GET"]}}],"collection":[{"href":"https:\/\/www.notibras.com\/site\/wp-json\/wp\/v2\/posts"}],"about":[{"href":"https:\/\/www.notibras.com\/site\/wp-json\/wp\/v2\/types\/post"}],"author":[{"embeddable":true,"href":"https:\/\/www.notibras.com\/site\/wp-json\/wp\/v2\/users\/2"}],"replies":[{"embeddable":true,"href":"https:\/\/www.notibras.com\/site\/wp-json\/wp\/v2\/comments?post=353134"}],"version-history":[{"count":4,"href":"https:\/\/www.notibras.com\/site\/wp-json\/wp\/v2\/posts\/353134\/revisions"}],"predecessor-version":[{"id":353139,"href":"https:\/\/www.notibras.com\/site\/wp-json\/wp\/v2\/posts\/353134\/revisions\/353139"}],"wp:featuredmedia":[{"embeddable":true,"href":"https:\/\/www.notibras.com\/site\/wp-json\/wp\/v2\/media\/353135"}],"wp:attachment":[{"href":"https:\/\/www.notibras.com\/site\/wp-json\/wp\/v2\/media?parent=353134"}],"wp:term":[{"taxonomy":"category","embeddable":true,"href":"https:\/\/www.notibras.com\/site\/wp-json\/wp\/v2\/categories?post=353134"},{"taxonomy":"post_tag","embeddable":true,"href":"https:\/\/www.notibras.com\/site\/wp-json\/wp\/v2\/tags?post=353134"}],"curies":[{"name":"wp","href":"https:\/\/api.w.org\/{rel}","templated":true}]}}