{"id":353140,"date":"2025-05-01T00:03:22","date_gmt":"2025-05-01T03:03:22","guid":{"rendered":"https:\/\/www.notibras.com\/site\/?p=353140"},"modified":"2025-05-01T10:21:19","modified_gmt":"2025-05-01T13:21:19","slug":"historias-de-superacao-e-empreendedorismo-mostram-forca-de-um-povo","status":"publish","type":"post","link":"https:\/\/www.notibras.com\/site\/historias-de-superacao-e-empreendedorismo-mostram-forca-de-um-povo\/","title":{"rendered":"Hist\u00f3rias de supera\u00e7\u00e3o e empreendedorismo mostram for\u00e7a de um povo"},"content":{"rendered":"<p>O Nordeste brasileiro, historicamente marcado por desigualdades e desafios socioecon\u00f4micos, hoje se destaca como um polo emergente de inova\u00e7\u00e3o, empreendedorismo e transforma\u00e7\u00e3o social. De pequenas cidades do sert\u00e3o a grandes centros urbanos como Recife, Salvador e Fortaleza, a regi\u00e3o vem protagonizando hist\u00f3rias inspiradoras de supera\u00e7\u00e3o que t\u00eam mudado a paisagem econ\u00f4mica e social do pa\u00eds.<\/p>\n<p>No interior do Piau\u00ed, Jos\u00e9 Raimundo, um agricultor de 47 anos, decidiu transformar a adversidade em oportunidade. Com t\u00e9cnicas de irriga\u00e7\u00e3o por gotejamento e apoio de cooperativas locais, ele diversificou sua planta\u00e7\u00e3o e passou a exportar frutas org\u00e2nicas para o Sul do pa\u00eds. &#8220;A seca nos ensinou a ser criativos. Hoje, nossa produ\u00e7\u00e3o \u00e9 exemplo para outros assentamentos&#8221;, conta.<\/p>\n<p>Em Salvador, a empreendedora social Carla Menezes fundou uma startup de moda sustent\u00e1vel, empregando mulheres de comunidades perif\u00e9ricas. Com tecidos reciclados e uma rede de costureiras locais, a marca j\u00e1 desfila em eventos nacionais. &#8220;Nosso neg\u00f3cio \u00e9 sobre dignidade, identidade e pertencimento&#8221;, afirma Carla.<\/p>\n<p>Fortaleza abriga um dos maiores hubs de inova\u00e7\u00e3o do Nordeste. Ali, jovens como Breno Oliveira, de 22 anos, desenvolvem aplicativos voltados para educa\u00e7\u00e3o e inclus\u00e3o digital. Sua startup, criada dentro de uma incubadora universit\u00e1ria, j\u00e1 impactou mais de 10 mil estudantes da rede p\u00fablica. \u201cA tecnologia est\u00e1 democratizando oportunidades que antes n\u00e3o chegavam aqui\u201d, diz.<\/p>\n<p>Especialistas apontam que o crescimento do empreendedorismo nordestino tamb\u00e9m \u00e9 impulsionado por pol\u00edticas p\u00fablicas de microcr\u00e9dito, parcerias com universidades e fortalecimento de redes locais. Segundo dados do Sebrae, o Nordeste foi a \u00fanica regi\u00e3o a registrar aumento no n\u00famero de pequenos neg\u00f3cios em 2024, mesmo diante das dificuldades econ\u00f4micas do pa\u00eds.<\/p>\n<p>Mais do que resistir, o povo nordestino est\u00e1 reinventando seu destino. Com criatividade, resili\u00eancia e coragem, milhares de empreendedores est\u00e3o reescrevendo a hist\u00f3ria da regi\u00e3o \u2014 e mostrando que o futuro do Brasil tamb\u00e9m passa pelo Nordeste.<\/p>\n","protected":false},"excerpt":{"rendered":"<p>O Nordeste brasileiro, historicamente marcado por desigualdades e desafios socioecon\u00f4micos, hoje se destaca como um polo emergente de inova\u00e7\u00e3o, empreendedorismo e transforma\u00e7\u00e3o social. De pequenas cidades do sert\u00e3o a grandes centros urbanos como Recife, Salvador e Fortaleza, a regi\u00e3o vem protagonizando hist\u00f3rias inspiradoras de supera\u00e7\u00e3o que t\u00eam mudado a paisagem econ\u00f4mica e social do pa\u00eds. [&hellip;]<\/p>\n","protected":false},"author":2,"featured_media":353141,"comment_status":"closed","ping_status":"closed","sticky":false,"template":"","format":"standard","meta":{"_acf_changed":false,"footnotes":""},"categories":[165],"tags":[],"class_list":["post-353140","post","type-post","status-publish","format-standard","has-post-thumbnail","hentry","category-nordeste"],"acf":[],"_links":{"self":[{"href":"https:\/\/www.notibras.com\/site\/wp-json\/wp\/v2\/posts\/353140","targetHints":{"allow":["GET"]}}],"collection":[{"href":"https:\/\/www.notibras.com\/site\/wp-json\/wp\/v2\/posts"}],"about":[{"href":"https:\/\/www.notibras.com\/site\/wp-json\/wp\/v2\/types\/post"}],"author":[{"embeddable":true,"href":"https:\/\/www.notibras.com\/site\/wp-json\/wp\/v2\/users\/2"}],"replies":[{"embeddable":true,"href":"https:\/\/www.notibras.com\/site\/wp-json\/wp\/v2\/comments?post=353140"}],"version-history":[{"count":1,"href":"https:\/\/www.notibras.com\/site\/wp-json\/wp\/v2\/posts\/353140\/revisions"}],"predecessor-version":[{"id":353142,"href":"https:\/\/www.notibras.com\/site\/wp-json\/wp\/v2\/posts\/353140\/revisions\/353142"}],"wp:featuredmedia":[{"embeddable":true,"href":"https:\/\/www.notibras.com\/site\/wp-json\/wp\/v2\/media\/353141"}],"wp:attachment":[{"href":"https:\/\/www.notibras.com\/site\/wp-json\/wp\/v2\/media?parent=353140"}],"wp:term":[{"taxonomy":"category","embeddable":true,"href":"https:\/\/www.notibras.com\/site\/wp-json\/wp\/v2\/categories?post=353140"},{"taxonomy":"post_tag","embeddable":true,"href":"https:\/\/www.notibras.com\/site\/wp-json\/wp\/v2\/tags?post=353140"}],"curies":[{"name":"wp","href":"https:\/\/api.w.org\/{rel}","templated":true}]}}