{"id":353143,"date":"2025-05-01T00:00:48","date_gmt":"2025-05-01T03:00:48","guid":{"rendered":"https:\/\/www.notibras.com\/site\/?p=353143"},"modified":"2025-05-01T10:29:41","modified_gmt":"2025-05-01T13:29:41","slug":"coracao-de-mae-nordestina-tem-terra-vermelha","status":"publish","type":"post","link":"https:\/\/www.notibras.com\/site\/coracao-de-mae-nordestina-tem-terra-vermelha\/","title":{"rendered":"Cora\u00e7\u00e3o de m\u00e3e nordestina tem terra vermelha"},"content":{"rendered":"<p>No Nordeste, o Dia das M\u00e3es que se aproxima n\u00e3o \u00e9 s\u00f3 data no calend\u00e1rio: \u00e9 quase um feriado de alma. J\u00e1 no s\u00e1bado, o cheiro de bolo de milho e caf\u00e9 torrado come\u00e7a a subir pelas frestas das janelas de madeira. As casas se enchem de gente que vem de longe \u2014 filhos, netos, afilhados \u2014 tudo misturado, feito feijoada boa. Porque por l\u00e1, m\u00e3e \u00e9 raiz e galho, tronco e flor.<\/p>\n<p>No sert\u00e3o, n\u00e3o tem luxo, mas tem la\u00e7o. O presente pode ser simples \u2014 um pano de prato bordado, uma sand\u00e1lia nova comprada na feira de s\u00e1bado, ou uma flor colhida do quintal. Mas o que importa mesmo \u00e9 o abra\u00e7o apertado, o cheiro do pesco\u00e7o da m\u00e3e, e aquele almo\u00e7o com galinha de capoeira que parece cozida no tempo, de t\u00e3o demorado e saboroso.<\/p>\n<p>Tem missa pela manh\u00e3, pra agradecer, e tem mesa grande ao meio-dia, pra reunir. Uma mesa com farinha espalhada, carne de sol, arroz branco e sorriso aberto. E claro, sempre tem uma hist\u00f3ria repetida \u2014 da vez que a m\u00e3e carregou \u00e1gua na cabe\u00e7a pra lavar roupa ou como ela &#8220;criou seis com feij\u00e3o e f\u00e9&#8221;.<\/p>\n<p>Dia das M\u00e3es no Nordeste \u00e9 celebra\u00e7\u00e3o de resist\u00eancia. \u00c9 um dia em que a terra quente parece amaciar debaixo dos p\u00e9s, s\u00f3 pra que os filhos voltem. \u00c9 o som do r\u00e1dio tocando Luiz Gonzaga, \u00e9 rede balan\u00e7ando no alpendre e crian\u00e7a correndo no terreiro.<\/p>\n<p>Porque no Nordeste, o amor de m\u00e3e tem cheiro de terra molhada, gosto de cuscuz quente e o poder de fazer o tempo parar \u2014 pelo menos por um dia.<\/p>\n","protected":false},"excerpt":{"rendered":"<p>No Nordeste, o Dia das M\u00e3es que se aproxima n\u00e3o \u00e9 s\u00f3 data no calend\u00e1rio: \u00e9 quase um feriado de alma. J\u00e1 no s\u00e1bado, o cheiro de bolo de milho e caf\u00e9 torrado come\u00e7a a subir pelas frestas das janelas de madeira. As casas se enchem de gente que vem de longe \u2014 filhos, netos, [&hellip;]<\/p>\n","protected":false},"author":2,"featured_media":192480,"comment_status":"closed","ping_status":"closed","sticky":false,"template":"","format":"standard","meta":{"_acf_changed":false,"footnotes":""},"categories":[165],"tags":[],"class_list":["post-353143","post","type-post","status-publish","format-standard","has-post-thumbnail","hentry","category-nordeste"],"acf":[],"_links":{"self":[{"href":"https:\/\/www.notibras.com\/site\/wp-json\/wp\/v2\/posts\/353143","targetHints":{"allow":["GET"]}}],"collection":[{"href":"https:\/\/www.notibras.com\/site\/wp-json\/wp\/v2\/posts"}],"about":[{"href":"https:\/\/www.notibras.com\/site\/wp-json\/wp\/v2\/types\/post"}],"author":[{"embeddable":true,"href":"https:\/\/www.notibras.com\/site\/wp-json\/wp\/v2\/users\/2"}],"replies":[{"embeddable":true,"href":"https:\/\/www.notibras.com\/site\/wp-json\/wp\/v2\/comments?post=353143"}],"version-history":[{"count":1,"href":"https:\/\/www.notibras.com\/site\/wp-json\/wp\/v2\/posts\/353143\/revisions"}],"predecessor-version":[{"id":353144,"href":"https:\/\/www.notibras.com\/site\/wp-json\/wp\/v2\/posts\/353143\/revisions\/353144"}],"wp:featuredmedia":[{"embeddable":true,"href":"https:\/\/www.notibras.com\/site\/wp-json\/wp\/v2\/media\/192480"}],"wp:attachment":[{"href":"https:\/\/www.notibras.com\/site\/wp-json\/wp\/v2\/media?parent=353143"}],"wp:term":[{"taxonomy":"category","embeddable":true,"href":"https:\/\/www.notibras.com\/site\/wp-json\/wp\/v2\/categories?post=353143"},{"taxonomy":"post_tag","embeddable":true,"href":"https:\/\/www.notibras.com\/site\/wp-json\/wp\/v2\/tags?post=353143"}],"curies":[{"name":"wp","href":"https:\/\/api.w.org\/{rel}","templated":true}]}}