{"id":353151,"date":"2025-05-01T00:00:41","date_gmt":"2025-05-01T03:00:41","guid":{"rendered":"https:\/\/www.notibras.com\/site\/?p=353151"},"modified":"2025-05-01T11:01:47","modified_gmt":"2025-05-01T14:01:47","slug":"inscricoes-para-encceja-se-encerram-nesta-sexta-feira","status":"publish","type":"post","link":"https:\/\/www.notibras.com\/site\/inscricoes-para-encceja-se-encerram-nesta-sexta-feira\/","title":{"rendered":"Inscri\u00e7\u00f5es para Encceja se encerram nesta sexta-feira"},"content":{"rendered":"<p>Os interessados em participar do Exame Nacional para Certifica\u00e7\u00e3o de Compet\u00eancias de Jovens e Adultos (Encceja) 2025 devem se inscrever at\u00e9 esta sexta-feira (2). Este procedimento deve ser feito online com Cadastro de Pessoa F\u00edsica (CPF) e data de nascimento no sistema do Encceja.<\/p>\n<p>A participa\u00e7\u00e3o \u00e9 volunt\u00e1ria, gratuita e destinada a jovens e adultos que n\u00e3o conclu\u00edram seus estudos na idade apropriada. O Encceja representa uma oportunidade para quem busca a certifica\u00e7\u00e3o do ensino fundamental e m\u00e9dio.<\/p>\n<p>As provas avaliam compet\u00eancias, habilidades e saberes adquiridos no processo escolar e\/ou extraescolar.<\/p>\n<p><strong>Aplica\u00e7\u00e3o das provas<\/strong><br \/>\nO Instituto Nacional de Estudos e Pesquisas Educacionais An\u00edsio Teixeira (Inep), vinculado ao Minist\u00e9rio da Educa\u00e7\u00e3o (MEC), aplicar\u00e1 as provas em 3 de agosto, em todos os estados e no Distrito Federal. A aplica\u00e7\u00e3o ter\u00e1 quatro horas de dura\u00e7\u00e3o pela manh\u00e3 e cinco horas \u00e0 tarde.<\/p>\n<p><strong>Inclus\u00e3o<\/strong><br \/>\nO prazo de 2 de maio tamb\u00e9m vale para as solicita\u00e7\u00f5es de atendimento especializado. Nesse caso, o participante dever\u00e1 anexar um documento leg\u00edvel que comprove a condi\u00e7\u00e3o que motiva a solicita\u00e7\u00e3o. Entre as situa\u00e7\u00f5es destacadas no edital do exame, est\u00e3o: baixa vis\u00e3o, cegueira, defici\u00eancia f\u00edsica, defici\u00eancia auditiva, intelectual, dislexia ou transtorno do espectro autista.<\/p>\n<p>O Inep avisou que, na edi\u00e7\u00e3o deste ano, os participantes com diabetes poder\u00e3o se identificar na inscri\u00e7\u00e3o. A op\u00e7\u00e3o estar\u00e1 dispon\u00edvel no campo de atendimento especializado e ser\u00e1 validada mediante laudo m\u00e9dico comprobat\u00f3rio.<\/p>\n<p>As condi\u00e7\u00f5es de gestante, lactante, idoso, estudante em classe hospitalar tamb\u00e9m podem motivar atendimento especializado.<\/p>\n<p>O resultado da an\u00e1lise do documento comprobat\u00f3rio pelo Inep ser\u00e1 divulgado no site do Encceja em 12 de maio.<\/p>\n<p>Para as pessoas que desejam usar o nome social, j\u00e1 registrado na Receita Federal, durante o exame, a op\u00e7\u00e3o deve ser assinalada no momento da inscri\u00e7\u00e3o. O nome social \u00e9 o modo como a pessoa se autoidentifica. A partir da op\u00e7\u00e3o, a identifica\u00e7\u00e3o social ser\u00e1 apresentada em todos os documentos e materiais administrativos do Encceja Nacional 2025.<\/p>\n<p><strong>Encceja<\/strong><br \/>\nPara fazer o exame, \u00e9 preciso ter idade m\u00ednima de 15 anos completos na data de realiza\u00e7\u00e3o das provas do ensino fundamental; e 18 anos completos, para fazer as do ensino m\u00e9dio.<\/p>\n<p>O Inep explica que quem tem mais de 18 anos pode tentar diretamente a certifica\u00e7\u00e3o do ensino m\u00e9dio, isto porque n\u00e3o \u00e9 necess\u00e1rio ter o certificado do ensino fundamental.<\/p>\n<p>O exame \u00e9 aplicado pelo Inep desde 2002, mas a emiss\u00e3o do diploma conclus\u00e3o do ensino fundamental e m\u00e9dio (declara\u00e7\u00e3o de profici\u00eancia) \u00e9 responsabilidade das secretarias estaduais de Educa\u00e7\u00e3o e dos institutos federais de Educa\u00e7\u00e3o, Ci\u00eancia e Tecnologia, que aderiram ao Encceja 2025.<\/p>\n<p>O Inep destaca que o exame tamb\u00e9m estabelece uma refer\u00eancia nacional para a avalia\u00e7\u00e3o de jovens e adultos para melhoria da qualidade da educa\u00e7\u00e3o ofertada a este p\u00fablico.<\/p>\n","protected":false},"excerpt":{"rendered":"<p>Os interessados em participar do Exame Nacional para Certifica\u00e7\u00e3o de Compet\u00eancias de Jovens e Adultos (Encceja) 2025 devem se inscrever at\u00e9 esta sexta-feira (2). Este procedimento deve ser feito online com Cadastro de Pessoa F\u00edsica (CPF) e data de nascimento no sistema do Encceja. A participa\u00e7\u00e3o \u00e9 volunt\u00e1ria, gratuita e destinada a jovens e adultos [&hellip;]<\/p>\n","protected":false},"author":2,"featured_media":353152,"comment_status":"closed","ping_status":"closed","sticky":false,"template":"","format":"standard","meta":{"_acf_changed":false,"footnotes":""},"categories":[161],"tags":[],"class_list":["post-353151","post","type-post","status-publish","format-standard","has-post-thumbnail","hentry","category-quadradinho-em-foco"],"acf":[],"_links":{"self":[{"href":"https:\/\/www.notibras.com\/site\/wp-json\/wp\/v2\/posts\/353151","targetHints":{"allow":["GET"]}}],"collection":[{"href":"https:\/\/www.notibras.com\/site\/wp-json\/wp\/v2\/posts"}],"about":[{"href":"https:\/\/www.notibras.com\/site\/wp-json\/wp\/v2\/types\/post"}],"author":[{"embeddable":true,"href":"https:\/\/www.notibras.com\/site\/wp-json\/wp\/v2\/users\/2"}],"replies":[{"embeddable":true,"href":"https:\/\/www.notibras.com\/site\/wp-json\/wp\/v2\/comments?post=353151"}],"version-history":[{"count":1,"href":"https:\/\/www.notibras.com\/site\/wp-json\/wp\/v2\/posts\/353151\/revisions"}],"predecessor-version":[{"id":353153,"href":"https:\/\/www.notibras.com\/site\/wp-json\/wp\/v2\/posts\/353151\/revisions\/353153"}],"wp:featuredmedia":[{"embeddable":true,"href":"https:\/\/www.notibras.com\/site\/wp-json\/wp\/v2\/media\/353152"}],"wp:attachment":[{"href":"https:\/\/www.notibras.com\/site\/wp-json\/wp\/v2\/media?parent=353151"}],"wp:term":[{"taxonomy":"category","embeddable":true,"href":"https:\/\/www.notibras.com\/site\/wp-json\/wp\/v2\/categories?post=353151"},{"taxonomy":"post_tag","embeddable":true,"href":"https:\/\/www.notibras.com\/site\/wp-json\/wp\/v2\/tags?post=353151"}],"curies":[{"name":"wp","href":"https:\/\/api.w.org\/{rel}","templated":true}]}}