{"id":353157,"date":"2025-05-01T00:14:53","date_gmt":"2025-05-01T03:14:53","guid":{"rendered":"https:\/\/www.notibras.com\/site\/?p=353157"},"modified":"2025-05-01T11:21:06","modified_gmt":"2025-05-01T14:21:06","slug":"inscricoes-para-concurso-da-pf-estao-abertas-para-192-vagas","status":"publish","type":"post","link":"https:\/\/www.notibras.com\/site\/inscricoes-para-concurso-da-pf-estao-abertas-para-192-vagas\/","title":{"rendered":"Inscri\u00e7\u00f5es para concurso da PF est\u00e3o abertas para 192 vagas"},"content":{"rendered":"<p>As inscri\u00e7\u00f5es para o concurso p\u00fablico da Pol\u00edcia Federal (PF) est\u00e3o abertas e podem ser feitas at\u00e9 21 de maio. Ao todo, a institui\u00e7\u00e3o oferece 192 vagas imediatas para n\u00edveis m\u00e9dio e superior, al\u00e9m de forma\u00e7\u00e3o de cadastro de aprovados reserva.<\/p>\n<p>Os sal\u00e1rios iniciais variam de R$ 7.605,31, para os aprovados do n\u00edvel m\u00e9dio, a R$ 11.070,93, para os cargos de n\u00edvel superior, j\u00e1 incluindo gratifica\u00e7\u00f5es, aux\u00edlios e benef\u00edcios.<\/p>\n<p>A jornada de trabalho ser\u00e1 de 40 horas semanais para o cargo de agente administrativo e para a maioria dos cargos de n\u00edvel superior. A exce\u00e7\u00e3o \u00e9 a carga hor\u00e1ria de m\u00e9dicos aprovados (cl\u00ednico, ortopedista e psiquiatra) que ser\u00e1 de 20 horas semanais.<\/p>\n<p>O prazo de validade do concurso ser\u00e1 de dois anos, a partir da data da homologa\u00e7\u00e3o do resultado final, e poder\u00e1 ser prorrogado, uma \u00fanica vez, por igual per\u00edodo.<\/p>\n<p><strong>Inscri\u00e7\u00e3o<\/strong><br \/>\nAs inscri\u00e7\u00f5es devem ser feitas diretamente no site da banca examinadora, o Centro Brasileiro de Pesquisa em Avalia\u00e7\u00e3o e Sele\u00e7\u00e3o e de Promo\u00e7\u00e3o de Eventos (Cebraspe).<\/p>\n<p>O valor da taxa de inscri\u00e7\u00e3o \u00e9 R$ 110 para n\u00edvel superior e de R$ 90 para n\u00edvel m\u00e9dio, a ser paga at\u00e9 23 de maio. A Guia de Recolhimento da Uni\u00e3o (GRU) Cobran\u00e7a estar\u00e1 dispon\u00edvel ap\u00f3s o preenchimento da ficha de inscri\u00e7\u00e3o online.<\/p>\n<p>Por\u00e9m, os integrantes do fam\u00edlias inscritas no Cadastro \u00danico para Programas Sociais do governo federal (Cad\u00danico) e doadores de medula \u00f3ssea em entidades reconhecidas pelo Minist\u00e9rio da Sa\u00fade podem solicitar a isen\u00e7\u00e3o da taxa de inscri\u00e7\u00e3o at\u00e9 5 de maio.<\/p>\n<p>O Cebraspe avisa que os candidatos que n\u00e3o enviarem a documenta\u00e7\u00e3o exigida no edital com imagem leg\u00edvel ter\u00e3o os pedidos de isen\u00e7\u00e3o indeferidos. Nesta situa\u00e7\u00e3o, o candidato dever\u00e1 efetuar o pagamento da taxa de inscri\u00e7\u00e3o tamb\u00e9m at\u00e9 23 de maio.<\/p>\n<p>O candidato que necessitar de atendimento especializado para a realiza\u00e7\u00e3o das provas e das demais fases do concurso deve assinalar esta op\u00e7\u00e3o no sistema eletr\u00f4nico de inscri\u00e7\u00e3o.<\/p>\n<p><strong>Cargos e vagas<\/strong><br \/>\nDe acordo com o edital do certame, as 192 s\u00e3o para as seguintes carreiras na \u00e1rea administrativa para todo o pa\u00eds:<\/p>\n<p>n\u00edvel m\u00e9dio:<\/p>\n<p>\u00b7 agente administrativo: 100 vagas<\/p>\n<p>n\u00edvel superior:<\/p>\n<p>\u00b7 administrador: 6;<\/p>\n<p>\u00b7 assistente social: 13;<\/p>\n<p>\u00b7 contador: 9;<\/p>\n<p>\u00b7 enfermeiro: 3;<\/p>\n<p>. estat\u00edstico: 4;<\/p>\n<p>\u00b7 farmac\u00eautico: 2;<\/p>\n<p>\u00b7 m\u00e9dico cl\u00ednico: 11;<\/p>\n<p>\u00b7 m\u00e9dico ortopedista: 5;<\/p>\n<p>\u00b7 m\u00e9dico psiquiatra: 19;<\/p>\n<p>\u00b7 nutricionista: 1;<\/p>\n<p>\u00b7 psic\u00f3logo cl\u00ednico: 4;<\/p>\n<p>\u00b7 psic\u00f3logo organizacional: 2;<\/p>\n<p>\u00b7 t\u00e9cnico em assuntos educacionais (TAE) da \u00e1rea de pedagogia: 10;<\/p>\n<p>\u00b7 t\u00e9cnico em comunica\u00e7\u00e3o social: 3.<\/p>\n<p><strong>Provas<\/strong><br \/>\nO concurso ser\u00e1 composto por provas objetivas e prova discursiva para avaliar os conhecimentos e habilidades dos candidatos. A aplica\u00e7\u00e3o delas est\u00e1 prevista para 29 de junho.<\/p>\n<p>Ao todo, ser\u00e3o 50 quest\u00f5es de conhecimentos b\u00e1sicos e 70 de conhecimentos espec\u00edficos, de car\u00e1ter eliminat\u00f3rio e classificat\u00f3rio, al\u00e9m da discursiva. Para n\u00edvel superior, as provas ser\u00e3o aplicadas no turno da manh\u00e3 e, para n\u00edvel m\u00e9dio, no turno da tarde.<\/p>\n<p>No caso de candidatos com defici\u00eancia aprovados na prova discursiva, o certame ainda ter\u00e1 a etapa de avalia\u00e7\u00e3o biopsicossocial, promovida por equipe multiprofissional e interdisciplinar de responsabilidade do Cebraspe.<\/p>\n<p>J\u00e1 os candidatos autodeclarados negros, aprovados na prova discursiva, passar\u00e3o pelo procedimento de heteroidentifica\u00e7\u00e3o realizado por uma comiss\u00e3o composta por cinco integrantes.<\/p>\n<p><strong>Lota\u00e7\u00e3o<\/strong><br \/>\nOs candidatos aprovados em todas as etapas do processo seletivo ser\u00e3o lotados em qualquer unidade da Pol\u00edcia Federal situada no estado correspondente \u00e0 localidade de vaga escolhida no momento da inscri\u00e7\u00e3o.<\/p>\n<p>A localidade onde o candidato realizar\u00e1 a prova n\u00e3o influencia a defini\u00e7\u00e3o de sua lota\u00e7\u00e3o ap\u00f3s a aprova\u00e7\u00e3o, que ser\u00e1 definida conforme necessidade da administra\u00e7\u00e3o da PF.<\/p>\n","protected":false},"excerpt":{"rendered":"<p>As inscri\u00e7\u00f5es para o concurso p\u00fablico da Pol\u00edcia Federal (PF) est\u00e3o abertas e podem ser feitas at\u00e9 21 de maio. Ao todo, a institui\u00e7\u00e3o oferece 192 vagas imediatas para n\u00edveis m\u00e9dio e superior, al\u00e9m de forma\u00e7\u00e3o de cadastro de aprovados reserva. Os sal\u00e1rios iniciais variam de R$ 7.605,31, para os aprovados do n\u00edvel m\u00e9dio, a [&hellip;]<\/p>\n","protected":false},"author":2,"featured_media":350381,"comment_status":"closed","ping_status":"closed","sticky":false,"template":"","format":"standard","meta":{"_acf_changed":false,"footnotes":""},"categories":[161],"tags":[],"class_list":["post-353157","post","type-post","status-publish","format-standard","has-post-thumbnail","hentry","category-quadradinho-em-foco"],"acf":[],"_links":{"self":[{"href":"https:\/\/www.notibras.com\/site\/wp-json\/wp\/v2\/posts\/353157","targetHints":{"allow":["GET"]}}],"collection":[{"href":"https:\/\/www.notibras.com\/site\/wp-json\/wp\/v2\/posts"}],"about":[{"href":"https:\/\/www.notibras.com\/site\/wp-json\/wp\/v2\/types\/post"}],"author":[{"embeddable":true,"href":"https:\/\/www.notibras.com\/site\/wp-json\/wp\/v2\/users\/2"}],"replies":[{"embeddable":true,"href":"https:\/\/www.notibras.com\/site\/wp-json\/wp\/v2\/comments?post=353157"}],"version-history":[{"count":3,"href":"https:\/\/www.notibras.com\/site\/wp-json\/wp\/v2\/posts\/353157\/revisions"}],"predecessor-version":[{"id":353160,"href":"https:\/\/www.notibras.com\/site\/wp-json\/wp\/v2\/posts\/353157\/revisions\/353160"}],"wp:featuredmedia":[{"embeddable":true,"href":"https:\/\/www.notibras.com\/site\/wp-json\/wp\/v2\/media\/350381"}],"wp:attachment":[{"href":"https:\/\/www.notibras.com\/site\/wp-json\/wp\/v2\/media?parent=353157"}],"wp:term":[{"taxonomy":"category","embeddable":true,"href":"https:\/\/www.notibras.com\/site\/wp-json\/wp\/v2\/categories?post=353157"},{"taxonomy":"post_tag","embeddable":true,"href":"https:\/\/www.notibras.com\/site\/wp-json\/wp\/v2\/tags?post=353157"}],"curies":[{"name":"wp","href":"https:\/\/api.w.org\/{rel}","templated":true}]}}