{"id":353161,"date":"2025-05-01T06:43:04","date_gmt":"2025-05-01T09:43:04","guid":{"rendered":"https:\/\/www.notibras.com\/site\/?p=353161"},"modified":"2025-05-01T11:44:47","modified_gmt":"2025-05-01T14:44:47","slug":"detran-tira-de-cena-motoristas-bebuns-na-vespera-do-feriadao","status":"publish","type":"post","link":"https:\/\/www.notibras.com\/site\/detran-tira-de-cena-motoristas-bebuns-na-vespera-do-feriadao\/","title":{"rendered":"Detran tira de cena motoristas bebuns na v\u00e9spera do feriad\u00e3o"},"content":{"rendered":"<p>O Departamento de Tr\u00e2nsito do Distrito Federal (Detran-DF) deu in\u00edcio \u00e0s a\u00e7\u00f5es do movimento Maio Amarelo com uma grande opera\u00e7\u00e3o de fiscaliza\u00e7\u00e3o em Taguatinga, entre a noite de quarta-feira (30\/4) e a madrugada desta quinta-feira (1\u00ba\/5). A a\u00e7\u00e3o, que teve como objetivo refor\u00e7ar a seguran\u00e7a vi\u00e1ria e coibir infra\u00e7\u00f5es graves, contou com tr\u00eas pontos de bloqueio instalados em \u00e1reas estrat\u00e9gicas da cidade.<\/p>\n<p>Ao todo, foram realizadas 505 abordagens, com a aplica\u00e7\u00e3o de 505 testes de etil\u00f4metro. Desses, 71 motoristas foram autuados por dirigir sob a influ\u00eancia de \u00e1lcool. A opera\u00e7\u00e3o tamb\u00e9m flagrou sete condutores inabilitados, cinco com a CNH vencida e um com o direito de dirigir suspenso. Al\u00e9m disso, foram registradas oito ocorr\u00eancias de escapamentos alterados, 30 infra\u00e7\u00f5es diversas e 20 ve\u00edculos foram removidos ao dep\u00f3sito.<\/p>\n<p>O diretor de Policiamento e Fiscaliza\u00e7\u00e3o de Tr\u00e2nsito do Detran-DF, Glauber Peixoto, destacou a import\u00e2ncia da a\u00e7\u00e3o como marco do Maio Amarelo: \u201cEstamos iniciando o Maio Amarelo com uma opera\u00e7\u00e3o robusta, voltada \u00e0 promo\u00e7\u00e3o da seguran\u00e7a vi\u00e1ria em sua totalidade. A presen\u00e7a ostensiva nas ruas \u00e9 fundamental para proteger vidas e conscientizar os condutores sobre a responsabilidade no tr\u00e2nsito\u201d.<\/p>\n<p>A opera\u00e7\u00e3o em Taguatinga \u00e9 a primeira de uma s\u00e9rie de atividades de fiscaliza\u00e7\u00e3o que o Detran-DF ir\u00e1 promover ao longo do m\u00eas, em alus\u00e3o ao movimento internacional que busca reduzir o n\u00famero de mortes e les\u00f5es no tr\u00e2nsito.<\/p>\n<p>O efetivo mobilizado contou com 37 agentes de tr\u00e2nsito, 17 viaturas, uma aeronave e cinco guinchos, al\u00e9m do apoio da Unidade de Opera\u00e7\u00e3o A\u00e9rea (Uopa), da Ger\u00eancia de Controle Operacional (Gercop) e da Pol\u00edcia Militar do DF (PMDF).<\/p>\n","protected":false},"excerpt":{"rendered":"<p>O Departamento de Tr\u00e2nsito do Distrito Federal (Detran-DF) deu in\u00edcio \u00e0s a\u00e7\u00f5es do movimento Maio Amarelo com uma grande opera\u00e7\u00e3o de fiscaliza\u00e7\u00e3o em Taguatinga, entre a noite de quarta-feira (30\/4) e a madrugada desta quinta-feira (1\u00ba\/5). A a\u00e7\u00e3o, que teve como objetivo refor\u00e7ar a seguran\u00e7a vi\u00e1ria e coibir infra\u00e7\u00f5es graves, contou com tr\u00eas pontos de [&hellip;]<\/p>\n","protected":false},"author":2,"featured_media":353162,"comment_status":"closed","ping_status":"closed","sticky":false,"template":"","format":"standard","meta":{"_acf_changed":false,"footnotes":""},"categories":[161],"tags":[],"class_list":["post-353161","post","type-post","status-publish","format-standard","has-post-thumbnail","hentry","category-quadradinho-em-foco"],"acf":[],"_links":{"self":[{"href":"https:\/\/www.notibras.com\/site\/wp-json\/wp\/v2\/posts\/353161","targetHints":{"allow":["GET"]}}],"collection":[{"href":"https:\/\/www.notibras.com\/site\/wp-json\/wp\/v2\/posts"}],"about":[{"href":"https:\/\/www.notibras.com\/site\/wp-json\/wp\/v2\/types\/post"}],"author":[{"embeddable":true,"href":"https:\/\/www.notibras.com\/site\/wp-json\/wp\/v2\/users\/2"}],"replies":[{"embeddable":true,"href":"https:\/\/www.notibras.com\/site\/wp-json\/wp\/v2\/comments?post=353161"}],"version-history":[{"count":1,"href":"https:\/\/www.notibras.com\/site\/wp-json\/wp\/v2\/posts\/353161\/revisions"}],"predecessor-version":[{"id":353163,"href":"https:\/\/www.notibras.com\/site\/wp-json\/wp\/v2\/posts\/353161\/revisions\/353163"}],"wp:featuredmedia":[{"embeddable":true,"href":"https:\/\/www.notibras.com\/site\/wp-json\/wp\/v2\/media\/353162"}],"wp:attachment":[{"href":"https:\/\/www.notibras.com\/site\/wp-json\/wp\/v2\/media?parent=353161"}],"wp:term":[{"taxonomy":"category","embeddable":true,"href":"https:\/\/www.notibras.com\/site\/wp-json\/wp\/v2\/categories?post=353161"},{"taxonomy":"post_tag","embeddable":true,"href":"https:\/\/www.notibras.com\/site\/wp-json\/wp\/v2\/tags?post=353161"}],"curies":[{"name":"wp","href":"https:\/\/api.w.org\/{rel}","templated":true}]}}