{"id":353219,"date":"2025-05-02T00:00:55","date_gmt":"2025-05-02T03:00:55","guid":{"rendered":"https:\/\/www.notibras.com\/site\/?p=353219"},"modified":"2025-05-02T05:41:47","modified_gmt":"2025-05-02T08:41:47","slug":"homem-morre-atingido-por-raio-durante-temporal-em-canapolis","status":"publish","type":"post","link":"https:\/\/www.notibras.com\/site\/homem-morre-atingido-por-raio-durante-temporal-em-canapolis\/","title":{"rendered":"Homem morre atingido por raio durante temporal em Can\u00e1polis"},"content":{"rendered":"<p>Um homem morreu ap\u00f3s ser atingido por um raio durante uma forte chuva que atingiu a zona rural de Can\u00e1polis, no oeste da Bahia, na noite de quarta-feira (30). A v\u00edtima foi identificada como Adaildo Ant\u00f4nio da Guarda, de 46 anos.<\/p>\n<p>O incidente ocorreu em uma fazenda localizada na regi\u00e3o. Segundo informa\u00e7\u00f5es, Adaildo n\u00e3o resistiu \u00e0 descarga el\u00e9trica e morreu ainda no local.<\/p>\n<p>Sua esposa, que estava com ele no momento do acidente, foi socorrida por moradores da \u00e1rea e levada para uma unidade de sa\u00fade. Ela recebeu atendimento m\u00e9dico e, ap\u00f3s ser avaliada, foi liberada.<\/p>\n<p>O Departamento de Pol\u00edcia T\u00e9cnica (DPT) esteve no local para realizar a per\u00edcia. O corpo de Adaildo foi encaminhado ao Instituto M\u00e9dico Legal (IML), onde passou por necropsia.<\/p>\n<p>&nbsp;<\/p>\n","protected":false},"excerpt":{"rendered":"<p>Um homem morreu ap\u00f3s ser atingido por um raio durante uma forte chuva que atingiu a zona rural de Can\u00e1polis, no oeste da Bahia, na noite de quarta-feira (30). A v\u00edtima foi identificada como Adaildo Ant\u00f4nio da Guarda, de 46 anos. O incidente ocorreu em uma fazenda localizada na regi\u00e3o. Segundo informa\u00e7\u00f5es, Adaildo n\u00e3o resistiu [&hellip;]<\/p>\n","protected":false},"author":2,"featured_media":353220,"comment_status":"closed","ping_status":"closed","sticky":false,"template":"","format":"standard","meta":{"_acf_changed":false,"footnotes":""},"categories":[165],"tags":[],"class_list":["post-353219","post","type-post","status-publish","format-standard","has-post-thumbnail","hentry","category-nordeste"],"acf":[],"_links":{"self":[{"href":"https:\/\/www.notibras.com\/site\/wp-json\/wp\/v2\/posts\/353219","targetHints":{"allow":["GET"]}}],"collection":[{"href":"https:\/\/www.notibras.com\/site\/wp-json\/wp\/v2\/posts"}],"about":[{"href":"https:\/\/www.notibras.com\/site\/wp-json\/wp\/v2\/types\/post"}],"author":[{"embeddable":true,"href":"https:\/\/www.notibras.com\/site\/wp-json\/wp\/v2\/users\/2"}],"replies":[{"embeddable":true,"href":"https:\/\/www.notibras.com\/site\/wp-json\/wp\/v2\/comments?post=353219"}],"version-history":[{"count":2,"href":"https:\/\/www.notibras.com\/site\/wp-json\/wp\/v2\/posts\/353219\/revisions"}],"predecessor-version":[{"id":353222,"href":"https:\/\/www.notibras.com\/site\/wp-json\/wp\/v2\/posts\/353219\/revisions\/353222"}],"wp:featuredmedia":[{"embeddable":true,"href":"https:\/\/www.notibras.com\/site\/wp-json\/wp\/v2\/media\/353220"}],"wp:attachment":[{"href":"https:\/\/www.notibras.com\/site\/wp-json\/wp\/v2\/media?parent=353219"}],"wp:term":[{"taxonomy":"category","embeddable":true,"href":"https:\/\/www.notibras.com\/site\/wp-json\/wp\/v2\/categories?post=353219"},{"taxonomy":"post_tag","embeddable":true,"href":"https:\/\/www.notibras.com\/site\/wp-json\/wp\/v2\/tags?post=353219"}],"curies":[{"name":"wp","href":"https:\/\/api.w.org\/{rel}","templated":true}]}}