{"id":353223,"date":"2025-05-02T00:00:29","date_gmt":"2025-05-02T03:00:29","guid":{"rendered":"https:\/\/www.notibras.com\/site\/?p=353223"},"modified":"2025-05-02T05:52:16","modified_gmt":"2025-05-02T08:52:16","slug":"area-rural-ganha-mais-fossas-septicas-biodigestoras","status":"publish","type":"post","link":"https:\/\/www.notibras.com\/site\/area-rural-ganha-mais-fossas-septicas-biodigestoras\/","title":{"rendered":"\u00c1rea rural ganha mais fossas s\u00e9pticas biodigestoras"},"content":{"rendered":"<p>O Governo do Distrito Federal, por meio da Empresa de Assist\u00eancia T\u00e9cnica e Extens\u00e3o Rural do Distrito Federal (Emater-DF) e da Ag\u00eancia Reguladora de \u00c1guas, Energia e Saneamento B\u00e1sico do Distrito Federal (Adasa), instalar\u00e1 mais 67 fossas s\u00e9pticas biodigestoras em propriedades rurais de Sobradinho.<\/p>\n<p>A a\u00e7\u00e3o integra o programa de saneamento b\u00e1sico da Emater-DF voltado para \u00e1reas rurais onde n\u00e3o h\u00e1 rede p\u00fablica de esgoto, e ser\u00e1 executada com investimento de R$ 650 mil, provenientes de conv\u00eanio firmado entre Emater-DF e Adasa. A contrata\u00e7\u00e3o da empresa respons\u00e1vel pela instala\u00e7\u00e3o foi publicada no Di\u00e1rio Oficial do Distrito Federal (DODF) desta quarta-feira (30).<\/p>\n<p>\u201cA instala\u00e7\u00e3o dessas fossas biodigestoras representa muito mais do que uma obra de infraestrutura. \u00c9 um investimento direto na sa\u00fade das fam\u00edlias rurais e na qualidade dos alimentos que chegam \u00e0 mesa do consumidor. Garantir saneamento no campo \u00e9 promover dignidade, cidadania e desenvolvimento sustent\u00e1vel para o Distrito Federal\u201d, ressaltou o presidente da Emater-DF, Cleison Duval.<\/p>\n<p>Essa \u00e9 a terceira contrata\u00e7\u00e3o dentro da ata geral que permite aquisi\u00e7\u00f5es escalonadas, conforme a libera\u00e7\u00e3o de recursos. A a\u00e7\u00e3o est\u00e1 alinhada ao Marco Legal do Saneamento B\u00e1sico (Lei n\u00ba 14.026\/2020), que determina a universaliza\u00e7\u00e3o dos servi\u00e7os de abastecimento de \u00e1gua pot\u00e1vel e esgotamento sanit\u00e1rio no Brasil at\u00e9 2033, com atendimento de, no m\u00ednimo, 99% da popula\u00e7\u00e3o.<\/p>\n<p>\u201cEsse trabalho conjunto com a Emater-DF \u00e9 uma demonstra\u00e7\u00e3o concreta de como a uni\u00e3o de esfor\u00e7os entre institui\u00e7\u00f5es p\u00fablicas pode gerar impactos reais na vida das pessoas. Com essa parceria, investimos em saneamento b\u00e1sico na \u00e1rea rural, o que se reverte em qualidade de vida, sa\u00fade e na preserva\u00e7\u00e3o dos recursos h\u00eddricos\u201d, afirmou o presidente da Adasa, Raimundo Ribeiro.<\/p>\n<p><strong>Saneamento e sa\u00fade<\/strong><br \/>\nPara a extensionista rural da Emater-DF e respons\u00e1vel pela empresa na execu\u00e7\u00e3o do programa de saneamento, Luciana da Silva, os impactos da iniciativa s\u00e3o profundos e v\u00e3o muito al\u00e9m da estrutura instalada. \u201cA instala\u00e7\u00e3o dos sistemas representa sa\u00fade p\u00fablica e seguran\u00e7a alimentar. Hoje, com o marco do saneamento e o esfor\u00e7o de v\u00e1rias institui\u00e7\u00f5es, estamos conseguindo avan\u00e7ar neste desafio que \u00e9 levar saneamento rural para as fam\u00edlias do campo\u201d, afirma.<\/p>\n<p>Para receber o equipamento, os interessados devem residir em \u00e1rea rural, estar cadastrados na Emater-DF e exercer alguma atividade produtiva. Atualmente, produtores que entregam para os programas de compras governamentais est\u00e3o entre os priorit\u00e1rios.O vel\u00f3rio acontece nesta quinta-feira (1\u00ba), na Fazenda Jurema, onde a v\u00edtima morava. O sepultamento est\u00e1 previsto para a manh\u00e3 de sexta-feira (2), \u00e0s 8h, no munic\u00edpio de Can\u00e1polis.<\/p>\n","protected":false},"excerpt":{"rendered":"<p>O Governo do Distrito Federal, por meio da Empresa de Assist\u00eancia T\u00e9cnica e Extens\u00e3o Rural do Distrito Federal (Emater-DF) e da Ag\u00eancia Reguladora de \u00c1guas, Energia e Saneamento B\u00e1sico do Distrito Federal (Adasa), instalar\u00e1 mais 67 fossas s\u00e9pticas biodigestoras em propriedades rurais de Sobradinho. A a\u00e7\u00e3o integra o programa de saneamento b\u00e1sico da Emater-DF voltado [&hellip;]<\/p>\n","protected":false},"author":2,"featured_media":353224,"comment_status":"closed","ping_status":"closed","sticky":false,"template":"","format":"standard","meta":{"_acf_changed":false,"footnotes":""},"categories":[161],"tags":[],"class_list":["post-353223","post","type-post","status-publish","format-standard","has-post-thumbnail","hentry","category-quadradinho-em-foco"],"acf":[],"_links":{"self":[{"href":"https:\/\/www.notibras.com\/site\/wp-json\/wp\/v2\/posts\/353223","targetHints":{"allow":["GET"]}}],"collection":[{"href":"https:\/\/www.notibras.com\/site\/wp-json\/wp\/v2\/posts"}],"about":[{"href":"https:\/\/www.notibras.com\/site\/wp-json\/wp\/v2\/types\/post"}],"author":[{"embeddable":true,"href":"https:\/\/www.notibras.com\/site\/wp-json\/wp\/v2\/users\/2"}],"replies":[{"embeddable":true,"href":"https:\/\/www.notibras.com\/site\/wp-json\/wp\/v2\/comments?post=353223"}],"version-history":[{"count":1,"href":"https:\/\/www.notibras.com\/site\/wp-json\/wp\/v2\/posts\/353223\/revisions"}],"predecessor-version":[{"id":353225,"href":"https:\/\/www.notibras.com\/site\/wp-json\/wp\/v2\/posts\/353223\/revisions\/353225"}],"wp:featuredmedia":[{"embeddable":true,"href":"https:\/\/www.notibras.com\/site\/wp-json\/wp\/v2\/media\/353224"}],"wp:attachment":[{"href":"https:\/\/www.notibras.com\/site\/wp-json\/wp\/v2\/media?parent=353223"}],"wp:term":[{"taxonomy":"category","embeddable":true,"href":"https:\/\/www.notibras.com\/site\/wp-json\/wp\/v2\/categories?post=353223"},{"taxonomy":"post_tag","embeddable":true,"href":"https:\/\/www.notibras.com\/site\/wp-json\/wp\/v2\/tags?post=353223"}],"curies":[{"name":"wp","href":"https:\/\/api.w.org\/{rel}","templated":true}]}}