{"id":353226,"date":"2025-05-02T00:00:18","date_gmt":"2025-05-02T03:00:18","guid":{"rendered":"https:\/\/www.notibras.com\/site\/?p=353226"},"modified":"2025-05-02T05:57:51","modified_gmt":"2025-05-02T08:57:51","slug":"municipios-do-entorno-debatem-solucoes-para-a-regiao","status":"publish","type":"post","link":"https:\/\/www.notibras.com\/site\/municipios-do-entorno-debatem-solucoes-para-a-regiao\/","title":{"rendered":"Munic\u00edpios do Entorno debatem solu\u00e7\u00f5es para a regi\u00e3o"},"content":{"rendered":"<p>A Associa\u00e7\u00e3o dos Munic\u00edpios Adjacentes a Bras\u00edlia (Amab) realizou o I F\u00f3rum Ride-DF &#8211; Inova\u00e7\u00e3o e Empreendedorismo para o Desenvolvimento Socioecon\u00f4mico dos Munic\u00edpios Adjacentes a Bras\u00edlia. O objetivo do evento foi debater temas de interesse para a Regi\u00e3o Integrada de Desenvolvimento de Desenvolvimento do Distrito Federal e Entorno (Ride). Na ocasi\u00e3o, foi realizada tamb\u00e9m a cerim\u00f4nia de posse e diploma\u00e7\u00e3o da nova diretoria da Amab.<\/p>\n<p>Entre os temas debatidos ao longo do dia estavam o fortalecimento da coopera\u00e7\u00e3o institucional entre o DF, munic\u00edpios adjacentes e o governo de Goi\u00e1s; inova\u00e7\u00e3o, capta\u00e7\u00e3o de recursos e pol\u00edticas p\u00fablicas voltadas ao desenvolvimento sustent\u00e1vel; e o est\u00edmulo ao empreendedorismo como vetor de crescimento econ\u00f4mico na Ride.<\/p>\n<p>A vice-governadora Celina Le\u00e3o, ressaltou a import\u00e2ncia do trabalho conjunto entre os governos do DF e de Goi\u00e1s para o desenvolvimento da regi\u00e3o.<\/p>\n<p>\u201cN\u00f3s precisamos caminhar juntos para solucionar definitivamente os problemas da regi\u00e3o. O governador Ibaneis Rocha e o vice-governador de Goi\u00e1s, Daniel Vilela, firmaram conv\u00eanio para subsidiar o transporte e impedir o aumento das passagens de \u00f4nibus. \u00c9 uma medida muito importante, pois temos que cada vez mais integrar a regi\u00e3o, o que requer investimentos dos entes federados\u201d, disse a vice-governadora, ao lembrar do acordo firmado entre DF e Goi\u00e1s, que se comprometeram a subsidiar o valor das passagens para impedir o reajuste que havia sido imposto pela Ag\u00eancia Nacional de Transportes Terrestres (ANTT).<\/p>\n<p>O presidente empossado da Amab, prefeito de Planaltina de Goi\u00e1s, Delegado Cristiom\u00e1rio, ressaltou a rea\u00e7\u00e3o da entidade com o DF: \u201cNossa regi\u00e3o tem muita import\u00e2ncia, com 1,5 milh\u00e3o de habitantes na Ride e tem toda essa rela\u00e7\u00e3o muito forte com o DF\u201d.<\/p>\n","protected":false},"excerpt":{"rendered":"<p>A Associa\u00e7\u00e3o dos Munic\u00edpios Adjacentes a Bras\u00edlia (Amab) realizou o I F\u00f3rum Ride-DF &#8211; Inova\u00e7\u00e3o e Empreendedorismo para o Desenvolvimento Socioecon\u00f4mico dos Munic\u00edpios Adjacentes a Bras\u00edlia. O objetivo do evento foi debater temas de interesse para a Regi\u00e3o Integrada de Desenvolvimento de Desenvolvimento do Distrito Federal e Entorno (Ride). Na ocasi\u00e3o, foi realizada tamb\u00e9m a [&hellip;]<\/p>\n","protected":false},"author":2,"featured_media":353227,"comment_status":"closed","ping_status":"closed","sticky":false,"template":"","format":"standard","meta":{"_acf_changed":false,"footnotes":""},"categories":[161],"tags":[],"class_list":["post-353226","post","type-post","status-publish","format-standard","has-post-thumbnail","hentry","category-quadradinho-em-foco"],"acf":[],"_links":{"self":[{"href":"https:\/\/www.notibras.com\/site\/wp-json\/wp\/v2\/posts\/353226","targetHints":{"allow":["GET"]}}],"collection":[{"href":"https:\/\/www.notibras.com\/site\/wp-json\/wp\/v2\/posts"}],"about":[{"href":"https:\/\/www.notibras.com\/site\/wp-json\/wp\/v2\/types\/post"}],"author":[{"embeddable":true,"href":"https:\/\/www.notibras.com\/site\/wp-json\/wp\/v2\/users\/2"}],"replies":[{"embeddable":true,"href":"https:\/\/www.notibras.com\/site\/wp-json\/wp\/v2\/comments?post=353226"}],"version-history":[{"count":1,"href":"https:\/\/www.notibras.com\/site\/wp-json\/wp\/v2\/posts\/353226\/revisions"}],"predecessor-version":[{"id":353228,"href":"https:\/\/www.notibras.com\/site\/wp-json\/wp\/v2\/posts\/353226\/revisions\/353228"}],"wp:featuredmedia":[{"embeddable":true,"href":"https:\/\/www.notibras.com\/site\/wp-json\/wp\/v2\/media\/353227"}],"wp:attachment":[{"href":"https:\/\/www.notibras.com\/site\/wp-json\/wp\/v2\/media?parent=353226"}],"wp:term":[{"taxonomy":"category","embeddable":true,"href":"https:\/\/www.notibras.com\/site\/wp-json\/wp\/v2\/categories?post=353226"},{"taxonomy":"post_tag","embeddable":true,"href":"https:\/\/www.notibras.com\/site\/wp-json\/wp\/v2\/tags?post=353226"}],"curies":[{"name":"wp","href":"https:\/\/api.w.org\/{rel}","templated":true}]}}