{"id":353284,"date":"2025-05-03T07:42:51","date_gmt":"2025-05-03T10:42:51","guid":{"rendered":"https:\/\/www.notibras.com\/site\/?p=353284"},"modified":"2025-05-03T07:42:51","modified_gmt":"2025-05-03T10:42:51","slug":"droga-se-espalha-no-nordeste-como-a-fumaca-de-lavoura-queimada","status":"publish","type":"post","link":"https:\/\/www.notibras.com\/site\/droga-se-espalha-no-nordeste-como-a-fumaca-de-lavoura-queimada\/","title":{"rendered":"Droga se espalha no Nordeste como a fuma\u00e7a de lavoura queimada"},"content":{"rendered":"<p>As drogas est\u00e3o se espalhando pelo Nordeste como fuma\u00e7a de canavial queimado em fim de colheita. \u00c9 parte do retrato de um mundo cada vez mais exposto a influ\u00eancias externas e perigos silenciosos. Por isso, proteger nossas crian\u00e7as do envolvimento com drogas tornou-se uma miss\u00e3o essencial para fam\u00edlias, escolas e toda a sociedade. A boa not\u00edcia \u00e9 que a preven\u00e7\u00e3o ainda \u00e9 a forma mais eficaz de combate a esse problema.<\/p>\n<p>Segundo especialistas, a preven\u00e7\u00e3o come\u00e7a dentro de casa. Pais que conversam abertamente com seus filhos sobre os riscos das drogas, estabelecem la\u00e7os de confian\u00e7a e acompanham de perto suas atividades ajudam a fortalecer a autoestima e a capacidade de dizer \u201cn\u00e3o\u201d \u00e0s press\u00f5es externas.<\/p>\n<p>&#8220;A comunica\u00e7\u00e3o \u00e9 a principal ferramenta de prote\u00e7\u00e3o. Crian\u00e7as informadas s\u00e3o menos vulner\u00e1veis&#8221;, explica a psic\u00f3loga infantil Marina Lopes. &#8220;O di\u00e1logo frequente sobre valores, escolhas e consequ\u00eancias deve come\u00e7ar cedo, de forma apropriada \u00e0 idade.&#8221;<\/p>\n<p>Al\u00e9m do ambiente familiar, a escola tem papel fundamental na preven\u00e7\u00e3o. Programas educativos, palestras, atividades extracurriculares e apoio psicol\u00f3gico s\u00e3o recursos eficazes. Iniciativas como o PROERD (Programa Educacional de Resist\u00eancia \u00e0s Drogas e \u00e0 Viol\u00eancia) t\u00eam mostrado resultados positivos em diversas cidades do pa\u00eds.<\/p>\n<p>A participa\u00e7\u00e3o da comunidade tamb\u00e9m \u00e9 essencial. Projetos sociais, esportivos e culturais ajudam a ocupar o tempo livre das crian\u00e7as e oferecem alternativas saud\u00e1veis de conviv\u00eancia e crescimento.<\/p>\n<p>\u00c9 importante que pais e educadores estejam atentos a mudan\u00e7as bruscas de comportamento, queda no rendimento escolar, isolamento, agressividade ou apatia. Esses podem ser sinais de que algo n\u00e3o vai bem e merecem aten\u00e7\u00e3o imediata.<\/p>\n<p>Uma coisa \u00e9 certa: proteger nossas crian\u00e7as das drogas \u00e9 uma tarefa coletiva. Quanto mais cedo come\u00e7armos a preven\u00e7\u00e3o, mais chances teremos de formar uma gera\u00e7\u00e3o consciente, saud\u00e1vel e segura. Informa\u00e7\u00e3o, di\u00e1logo, apoio e amor continuam sendo as armas mais poderosas nessa luta.<\/p>\n","protected":false},"excerpt":{"rendered":"<p>As drogas est\u00e3o se espalhando pelo Nordeste como fuma\u00e7a de canavial queimado em fim de colheita. \u00c9 parte do retrato de um mundo cada vez mais exposto a influ\u00eancias externas e perigos silenciosos. Por isso, proteger nossas crian\u00e7as do envolvimento com drogas tornou-se uma miss\u00e3o essencial para fam\u00edlias, escolas e toda a sociedade. A boa [&hellip;]<\/p>\n","protected":false},"author":2,"featured_media":353285,"comment_status":"closed","ping_status":"closed","sticky":false,"template":"","format":"standard","meta":{"_acf_changed":false,"footnotes":""},"categories":[165],"tags":[],"class_list":["post-353284","post","type-post","status-publish","format-standard","has-post-thumbnail","hentry","category-nordeste"],"acf":[],"_links":{"self":[{"href":"https:\/\/www.notibras.com\/site\/wp-json\/wp\/v2\/posts\/353284","targetHints":{"allow":["GET"]}}],"collection":[{"href":"https:\/\/www.notibras.com\/site\/wp-json\/wp\/v2\/posts"}],"about":[{"href":"https:\/\/www.notibras.com\/site\/wp-json\/wp\/v2\/types\/post"}],"author":[{"embeddable":true,"href":"https:\/\/www.notibras.com\/site\/wp-json\/wp\/v2\/users\/2"}],"replies":[{"embeddable":true,"href":"https:\/\/www.notibras.com\/site\/wp-json\/wp\/v2\/comments?post=353284"}],"version-history":[{"count":1,"href":"https:\/\/www.notibras.com\/site\/wp-json\/wp\/v2\/posts\/353284\/revisions"}],"predecessor-version":[{"id":353286,"href":"https:\/\/www.notibras.com\/site\/wp-json\/wp\/v2\/posts\/353284\/revisions\/353286"}],"wp:featuredmedia":[{"embeddable":true,"href":"https:\/\/www.notibras.com\/site\/wp-json\/wp\/v2\/media\/353285"}],"wp:attachment":[{"href":"https:\/\/www.notibras.com\/site\/wp-json\/wp\/v2\/media?parent=353284"}],"wp:term":[{"taxonomy":"category","embeddable":true,"href":"https:\/\/www.notibras.com\/site\/wp-json\/wp\/v2\/categories?post=353284"},{"taxonomy":"post_tag","embeddable":true,"href":"https:\/\/www.notibras.com\/site\/wp-json\/wp\/v2\/tags?post=353284"}],"curies":[{"name":"wp","href":"https:\/\/api.w.org\/{rel}","templated":true}]}}