{"id":353338,"date":"2025-05-04T09:53:04","date_gmt":"2025-05-04T12:53:04","guid":{"rendered":"https:\/\/www.notibras.com\/site\/?p=353338"},"modified":"2025-05-04T09:57:16","modified_gmt":"2025-05-04T12:57:16","slug":"ja-adulto-vem-recordacao-do-famoso-garrincha-da-ponta-esquerda-de-praia","status":"publish","type":"post","link":"https:\/\/www.notibras.com\/site\/ja-adulto-vem-recordacao-do-famoso-garrincha-da-ponta-esquerda-de-praia\/","title":{"rendered":"J\u00e1 adulto, vem recorda\u00e7\u00e3o do famoso Garrincha da ponta-esquerda de praia"},"content":{"rendered":"<p>Pudores relegados a segundo, terceiro e s\u00e9timo planos, eis que me sinto no direito de roubar, na maior cara de pau, afamada frase do ainda mais afamado jornalista e escritor Armando Cardoso: \u201cRapaz formatado em academias.\u201d E, antes que qualquer ofensa seja proferida por quem quer que seja, recorro a uma liminar substancialmente redigida por minha primog\u00eanita, a advogada Ana Maria Mart\u00ednez: &#8220;&#8230; diante do exposto, e levando-se em conta a genialidade da referida frase, n\u00e3o resta d\u00favida de que a mesma caiu no gosto do povo e, por conseguinte, tombada pelo patrim\u00f4nio de qualquer esquina, ainda que seja em Bras\u00edlia, cujas esquinas s\u00e3o notoriamente inexistentes&#8230;&#8221;<\/p>\n<p>Devidamente protegido de qualquer tentativa de virem a me processar, sinto-me no direito de expor singular ocorrido nos meus tempos de meninote, quando guardava em meu \u00e2mago a certeza de ser o pr\u00f3prio Garrincha da ponta-esquerda nas areias da praia de Copacabana. Pontap\u00e9s chegavam sem a menor cerim\u00f4nia, mas n\u00e3o me impediam de ir at\u00e9 a linha de fundo e cruzar para o meu at\u00e9 hoje grande amigo Flavio, o Don Flavito, que, brilhantemente, cabeceava para o fundo das redes imagin\u00e1rias. Gol! Gol!! Gola\u00e7o!!!<\/p>\n<p>A escala\u00e7\u00e3o do nosso time ainda ressoa na minha mente, mesmo que o derradeiro jogo tenha acontecido muito antes at\u00e9 mesmo do long\u00ednquo ano de 1990 dar as caras. Paulinho Montanha no gol, Nen\u00e9m e Johnny na defesa, Cinderela, Tunico Perneta e Lindy Gog\u00f3 de Ouro no meio de campo, Don Flavito e eu no ataque. Bons tempos de placares el\u00e1sticos, tanto a favor como dolorosamente contra. Coisas do futebol, que, invariavelmente, terminavam num mergulho nas ondas da praia mais famosa do planeta Terra.<\/p>\n<p>Sabe aqueles dias em que voc\u00ea n\u00e3o quer nada al\u00e9m do que simplesmente bater bola? Nada de correr desesperado atr\u00e1s de mais um gol, nada de reclamar de uma jogada ruim ou, ent\u00e3o, do companheiro fominha que prefere mais um drible a passar a pelota. Pois era como meus amigos e eu est\u00e1vamos nos sentindo naquele fim de tarde de domingo, quando um grupo de rapazes mais velhos, muito mais parrudos do que nossos corpos magrelos, nos desafiou.<\/p>\n<p>\u2014 Ei, moleques, que tal uma pelada?<\/p>\n<p>N\u00e3o sei de quem foi a ideia de aceitar tamanho descalabro de proposta, apesar de desconfiar que foi do Nen\u00e9m, que era craque em colocar nosso grupo em apuros. Se n\u00e3o foi ele o culpado, fica sendo, haja vista o colossal hist\u00f3rico a seu desfavor. Seja como for, n\u00e3o tardou, est\u00e1vamos travando a batalha da nossa vida.<\/p>\n<p>Os caras eram enormes, certamente halterofilistas. E, para nossa surpresa, o receio inicial se tornou numa das maiores goleadas do nosso time, que massacrou aqueles grandalh\u00f5es. Eles n\u00e3o viram a cor da bola.<\/p>\n<p>Quando j\u00e1 estava sete a zero, eis que o Nen\u00e9m recuou a bola inapropriadamente para o Paulinho Montanha. Foi a oportunidade de um dos advers\u00e1rios, justamente o mais musculoso, correr, pegar a gorduchinha, quase de frente para a meta, esticar a perna para tr\u00e1s para marcar o gol de honra. S\u00f3 que isso n\u00e3o aconteceu, pois corri l\u00e1 da ponta esquerda e consegui dar um leve toque na bola. O resultado \u00e9 que o p\u00e9 do sujeito chutou o vento, enquanto a pelota correu faceira para o lado. Pra qu\u00ea? O rapaz formatado em academias se virou para mim, seus olhos faiscavam de \u00f3dio.<\/p>\n<p>\u2014 Moleque, da pr\u00f3xima vez, eu te mato!<\/p>\n<p>Obviamente que n\u00e3o teve uma pr\u00f3xima vez. N\u00e3o deu outra, j\u00e1 que a nossa galera saiu em debandada. E, gra\u00e7as \u00e0 Nossa Senhora de Copacabana, todos ilesos para comemorarmos a goleada. Que partida memor\u00e1vel!<\/p>\n<p>&#8230;&#8230;&#8230;&#8230;&#8230;&#8230;&#8230;..<\/p>\n<p><strong>Eduardo Mart\u00ednez \u00e9 autor do livro 57 Contos e Cr\u00f4nicas por um Autor Muito Velho\u2019<\/strong><\/p>\n<p>Compre aqui\u00a0<span class=\"x19la9d6 x1fc57z9 x6ikm8r x10wlt62 x19co3pv x1g5zs5t xfibh0p xiy17q3 x1xsqp64 x1lkfr7t xexx8yu x4uap5 x18d9i69 xkhd6sd\"><span class=\"xrtxmta x1bhl96m\"><img decoding=\"async\" class=\"emoji\" role=\"img\" draggable=\"false\" src=\"https:\/\/s.w.org\/images\/core\/emoji\/15.0.3\/svg\/1f447-1f3ff.svg\" alt=\"&#x1f447;&#x1f3ff;\" \/><\/span><\/span><\/p>\n<p><a href=\"https:\/\/www.joanineditora.com.br\/57-contos-e-cronicas-por-um-autor-muito-velho\">https:\/\/www.joanineditora.com.br\/57-contos-e-cronicas-por-um-autor-muito-velho<\/a><\/p>\n","protected":false},"excerpt":{"rendered":"<p>Pudores relegados a segundo, terceiro e s\u00e9timo planos, eis que me sinto no direito de roubar, na maior cara de pau, afamada frase do ainda mais afamado jornalista e escritor Armando Cardoso: \u201cRapaz formatado em academias.\u201d E, antes que qualquer ofensa seja proferida por quem quer que seja, recorro a uma liminar substancialmente redigida por [&hellip;]<\/p>\n","protected":false},"author":2,"featured_media":353339,"comment_status":"closed","ping_status":"closed","sticky":false,"template":"","format":"standard","meta":{"_acf_changed":false,"footnotes":""},"categories":[161],"tags":[],"class_list":["post-353338","post","type-post","status-publish","format-standard","has-post-thumbnail","hentry","category-quadradinho-em-foco"],"acf":[],"_links":{"self":[{"href":"https:\/\/www.notibras.com\/site\/wp-json\/wp\/v2\/posts\/353338","targetHints":{"allow":["GET"]}}],"collection":[{"href":"https:\/\/www.notibras.com\/site\/wp-json\/wp\/v2\/posts"}],"about":[{"href":"https:\/\/www.notibras.com\/site\/wp-json\/wp\/v2\/types\/post"}],"author":[{"embeddable":true,"href":"https:\/\/www.notibras.com\/site\/wp-json\/wp\/v2\/users\/2"}],"replies":[{"embeddable":true,"href":"https:\/\/www.notibras.com\/site\/wp-json\/wp\/v2\/comments?post=353338"}],"version-history":[{"count":4,"href":"https:\/\/www.notibras.com\/site\/wp-json\/wp\/v2\/posts\/353338\/revisions"}],"predecessor-version":[{"id":353343,"href":"https:\/\/www.notibras.com\/site\/wp-json\/wp\/v2\/posts\/353338\/revisions\/353343"}],"wp:featuredmedia":[{"embeddable":true,"href":"https:\/\/www.notibras.com\/site\/wp-json\/wp\/v2\/media\/353339"}],"wp:attachment":[{"href":"https:\/\/www.notibras.com\/site\/wp-json\/wp\/v2\/media?parent=353338"}],"wp:term":[{"taxonomy":"category","embeddable":true,"href":"https:\/\/www.notibras.com\/site\/wp-json\/wp\/v2\/categories?post=353338"},{"taxonomy":"post_tag","embeddable":true,"href":"https:\/\/www.notibras.com\/site\/wp-json\/wp\/v2\/tags?post=353338"}],"curies":[{"name":"wp","href":"https:\/\/api.w.org\/{rel}","templated":true}]}}