{"id":353371,"date":"2025-05-05T09:36:39","date_gmt":"2025-05-05T12:36:39","guid":{"rendered":"https:\/\/www.notibras.com\/site\/?p=353371"},"modified":"2025-05-05T09:37:45","modified_gmt":"2025-05-05T12:37:45","slug":"vozes-que-ecoam-no-sertao-gracas-a-liberdade-de-imprensa-e-expressao","status":"publish","type":"post","link":"https:\/\/www.notibras.com\/site\/vozes-que-ecoam-no-sertao-gracas-a-liberdade-de-imprensa-e-expressao\/","title":{"rendered":"Vozes que ecoam no sert\u00e3o gra\u00e7as \u00e0 liberdade de imprensa e express\u00e3o"},"content":{"rendered":"<p>O s\u00e1bado, 3, marcou o Dia Mundial da Liberdade de Imprensa, e o vento que sopra pelo sert\u00e3o nordestino parece carregar mais do que poeira e calor: ele leva consigo hist\u00f3rias que, muitas vezes, lutam para serem ouvidas.<\/p>\n<p>Nas pequenas cidades, entre r\u00e1dios comunit\u00e1rias e jornais impressos em folhas quase transparentes, resistem jornalistas que n\u00e3o t\u00eam holofotes, mas t\u00eam coragem. S\u00e3o vozes que desafiam o sil\u00eancio imposto por coron\u00e9is modernos, que ainda tentam controlar o que se diz, o que se v\u00ea, o que se cala.<\/p>\n<p>Maria, por exemplo, rep\u00f3rter de uma r\u00e1dio local no interior do Piau\u00ed, n\u00e3o precisa de microfone caro para denunciar a falta d\u2019\u00e1gua ou a corrup\u00e7\u00e3o na prefeitura. Sua for\u00e7a vem da confian\u00e7a da vizinhan\u00e7a e do som do r\u00e1dio a pilha que ainda pulsa nos lares de barro e esperan\u00e7a.<\/p>\n<p>A liberdade de imprensa, por aqui, n\u00e3o \u00e9 conceito de livro \u2014 \u00e9 resist\u00eancia. \u00c9 o jovem blogueiro em Pernambuco que escreve com o celular quebrado, \u00e9 a professora do Maranh\u00e3o que publica no mural da escola os versos que a cidade precisa ouvir.<\/p>\n<p>No Nordeste, a imprensa livre tem cheiro de caf\u00e9 coado cedo e suor de quem trabalha dobrado para contar a verdade. E mesmo com amea\u00e7as, censura disfar\u00e7ada e falta de estrutura, ela insiste. Porque quando a imprensa silencia, o povo grita. Mas quando ela fala, o povo desperta.<\/p>\n<p>Nesse 3 de maio, celebramos essa liberdade como se celebra a chuva depois de meses de seca: com f\u00e9, festa e luta.<\/p>\n","protected":false},"excerpt":{"rendered":"<p>O s\u00e1bado, 3, marcou o Dia Mundial da Liberdade de Imprensa, e o vento que sopra pelo sert\u00e3o nordestino parece carregar mais do que poeira e calor: ele leva consigo hist\u00f3rias que, muitas vezes, lutam para serem ouvidas. Nas pequenas cidades, entre r\u00e1dios comunit\u00e1rias e jornais impressos em folhas quase transparentes, resistem jornalistas que n\u00e3o [&hellip;]<\/p>\n","protected":false},"author":2,"featured_media":353372,"comment_status":"closed","ping_status":"closed","sticky":false,"template":"","format":"standard","meta":{"_acf_changed":false,"footnotes":""},"categories":[165],"tags":[],"class_list":["post-353371","post","type-post","status-publish","format-standard","has-post-thumbnail","hentry","category-nordeste"],"acf":[],"_links":{"self":[{"href":"https:\/\/www.notibras.com\/site\/wp-json\/wp\/v2\/posts\/353371","targetHints":{"allow":["GET"]}}],"collection":[{"href":"https:\/\/www.notibras.com\/site\/wp-json\/wp\/v2\/posts"}],"about":[{"href":"https:\/\/www.notibras.com\/site\/wp-json\/wp\/v2\/types\/post"}],"author":[{"embeddable":true,"href":"https:\/\/www.notibras.com\/site\/wp-json\/wp\/v2\/users\/2"}],"replies":[{"embeddable":true,"href":"https:\/\/www.notibras.com\/site\/wp-json\/wp\/v2\/comments?post=353371"}],"version-history":[{"count":2,"href":"https:\/\/www.notibras.com\/site\/wp-json\/wp\/v2\/posts\/353371\/revisions"}],"predecessor-version":[{"id":353374,"href":"https:\/\/www.notibras.com\/site\/wp-json\/wp\/v2\/posts\/353371\/revisions\/353374"}],"wp:featuredmedia":[{"embeddable":true,"href":"https:\/\/www.notibras.com\/site\/wp-json\/wp\/v2\/media\/353372"}],"wp:attachment":[{"href":"https:\/\/www.notibras.com\/site\/wp-json\/wp\/v2\/media?parent=353371"}],"wp:term":[{"taxonomy":"category","embeddable":true,"href":"https:\/\/www.notibras.com\/site\/wp-json\/wp\/v2\/categories?post=353371"},{"taxonomy":"post_tag","embeddable":true,"href":"https:\/\/www.notibras.com\/site\/wp-json\/wp\/v2\/tags?post=353371"}],"curies":[{"name":"wp","href":"https:\/\/api.w.org\/{rel}","templated":true}]}}