{"id":353375,"date":"2025-05-05T08:39:57","date_gmt":"2025-05-05T11:39:57","guid":{"rendered":"https:\/\/www.notibras.com\/site\/?p=353375"},"modified":"2025-05-05T09:43:56","modified_gmt":"2025-05-05T12:43:56","slug":"revolucao-das-manobras-radicais-chega-as-ruas-do-nordeste","status":"publish","type":"post","link":"https:\/\/www.notibras.com\/site\/revolucao-das-manobras-radicais-chega-as-ruas-do-nordeste\/","title":{"rendered":"Revolu\u00e7\u00e3o das manobras radicais chega \u00e0s ruas do Nordeste"},"content":{"rendered":"<p>Em meio ao calor escaldante e aos cen\u00e1rios urbanos das cidades nordestinas, uma cultura sobre rodas vem ganhando espa\u00e7o, respeito e aplausos: o skate street. Muito al\u00e9m de um esporte, o skate tem sido ferramenta de express\u00e3o, resist\u00eancia e transforma\u00e7\u00e3o social para jovens de diversas comunidades da regi\u00e3o.<\/p>\n<p>Nas ruas de Fortaleza, Salvador, Recife e outras capitais nordestinas, skatistas encaram escadarias, corrim\u00f5es e bordas como verdadeiros palcos de criatividade. \u201cA gente n\u00e3o tem muitas pistas p\u00fablicas, ent\u00e3o a rua vira nossa pista. \u00c9 onde tudo acontece\u201d, conta Rafael \u201cPerninha\u201d Silva, 22 anos, morador da periferia de Macei\u00f3, que ficou famoso nas redes sociais ap\u00f3s mandar um hardflip perfeito em cima de uma mureta improvisada.<\/p>\n<p>O skate no Nordeste carrega tamb\u00e9m uma forte identidade cultural. Com menos acesso a equipamentos caros e apoio institucional, os skatistas da regi\u00e3o mostram que o talento supera a falta de recursos. Muitos fabricam suas pr\u00f3prias rampas, adaptam locais p\u00fablicos e fazem vaquinhas para competir em eventos pelo Brasil.<\/p>\n<p>\u201c\u00c9 na ra\u00e7a mesmo. A gente junta os amigos e faz acontecer\u201d, diz J\u00e9ssica Ara\u00fajo, skatista de Salvador que defende o skate feminino em coletivos locais. Ela destaca que o n\u00famero de mulheres no skate cresceu bastante, impulsionado por influenciadoras e competi\u00e7\u00f5es inclusivas.<\/p>\n<p>Com estilo ousado e t\u00e9cnico, os nordestinos t\u00eam se destacado at\u00e9 em competi\u00e7\u00f5es nacionais, como a Liga Amadora de Skate e eventos independentes. As manobras radicais, como kickflips, varial heels e bigspins, ganham um sabor especial quando realizadas com o gingado e a atitude da cultura local.<\/p>\n<p>Projetos sociais como o \u201cSkate \u00e9 Vida\u201d, em Natal, e o \u201cRoda Cultura\u201d, em Jo\u00e3o Pessoa, mostram que o skate tamb\u00e9m educa, tira jovens da criminalidade e promove inclus\u00e3o. \u201cAqui o skate \u00e9 mais que esporte, \u00e9 esperan\u00e7a\u201d, resume o educador f\u00edsico Marcelo Lima, respons\u00e1vel por um desses projetos.<\/p>\n<p>No Nordeste, o skate street \u00e9 mais do que manobra. \u00c9 um grito de liberdade, um ato de resist\u00eancia e um show de criatividade \u2014 tudo isso com muito sol, suor e alma nordestina.<\/p>\n","protected":false},"excerpt":{"rendered":"<p>Em meio ao calor escaldante e aos cen\u00e1rios urbanos das cidades nordestinas, uma cultura sobre rodas vem ganhando espa\u00e7o, respeito e aplausos: o skate street. Muito al\u00e9m de um esporte, o skate tem sido ferramenta de express\u00e3o, resist\u00eancia e transforma\u00e7\u00e3o social para jovens de diversas comunidades da regi\u00e3o. Nas ruas de Fortaleza, Salvador, Recife e [&hellip;]<\/p>\n","protected":false},"author":2,"featured_media":353376,"comment_status":"closed","ping_status":"closed","sticky":false,"template":"","format":"standard","meta":{"_acf_changed":false,"footnotes":""},"categories":[165],"tags":[],"class_list":["post-353375","post","type-post","status-publish","format-standard","has-post-thumbnail","hentry","category-nordeste"],"acf":[],"_links":{"self":[{"href":"https:\/\/www.notibras.com\/site\/wp-json\/wp\/v2\/posts\/353375","targetHints":{"allow":["GET"]}}],"collection":[{"href":"https:\/\/www.notibras.com\/site\/wp-json\/wp\/v2\/posts"}],"about":[{"href":"https:\/\/www.notibras.com\/site\/wp-json\/wp\/v2\/types\/post"}],"author":[{"embeddable":true,"href":"https:\/\/www.notibras.com\/site\/wp-json\/wp\/v2\/users\/2"}],"replies":[{"embeddable":true,"href":"https:\/\/www.notibras.com\/site\/wp-json\/wp\/v2\/comments?post=353375"}],"version-history":[{"count":1,"href":"https:\/\/www.notibras.com\/site\/wp-json\/wp\/v2\/posts\/353375\/revisions"}],"predecessor-version":[{"id":353377,"href":"https:\/\/www.notibras.com\/site\/wp-json\/wp\/v2\/posts\/353375\/revisions\/353377"}],"wp:featuredmedia":[{"embeddable":true,"href":"https:\/\/www.notibras.com\/site\/wp-json\/wp\/v2\/media\/353376"}],"wp:attachment":[{"href":"https:\/\/www.notibras.com\/site\/wp-json\/wp\/v2\/media?parent=353375"}],"wp:term":[{"taxonomy":"category","embeddable":true,"href":"https:\/\/www.notibras.com\/site\/wp-json\/wp\/v2\/categories?post=353375"},{"taxonomy":"post_tag","embeddable":true,"href":"https:\/\/www.notibras.com\/site\/wp-json\/wp\/v2\/tags?post=353375"}],"curies":[{"name":"wp","href":"https:\/\/api.w.org\/{rel}","templated":true}]}}