{"id":353409,"date":"2025-05-06T04:40:35","date_gmt":"2025-05-06T07:40:35","guid":{"rendered":"https:\/\/www.notibras.com\/site\/?p=353409"},"modified":"2025-05-05T22:41:26","modified_gmt":"2025-05-06T01:41:26","slug":"janja-encanta-e-renova-o-gas-com-beluga-de-um-enamorado-presidente","status":"publish","type":"post","link":"https:\/\/www.notibras.com\/site\/janja-encanta-e-renova-o-gas-com-beluga-de-um-enamorado-presidente\/","title":{"rendered":"Janja encanta e renova o g\u00e1s (com Beluga) de um enamorado presidente"},"content":{"rendered":"<p>Saudades do Brasil do sossego, da paz, da solidariedade fora do c\u00e2ncer, do futebol encantador, das praias sem arrast\u00e3o, da gera\u00e7\u00e3o Coca-Cola, das jovens tardes de domingo, da bossa-nova e dos cornos masoquistas, aqueles que levam chifre, mas n\u00e3o largam a mulher. Saudades de nossa fant\u00e1stica autoestima e, principalmente, da saud\u00e1vel, mas inflex\u00edvel rivalidade com os argentinos. Jair Bolsonaro e Javier Milei estragaram o que o papa Francisco levou pelo menos 12 anos para consolidar. A m\u00fatua baba\u00e7\u00e3o de ovos chocos interrompeu um ciclo com o qual os <em>hermanos<\/em> j\u00e1 haviam se acostumado: a contrapartida para um papa portenho era a brasilidade de Deus.<\/p>\n<p>Pior do que a bestial e rec\u00edproca ideologia, associada \u00e0 simpatia cong\u00eanita pela tirania, Messias e Milei parecem ter em comum a fofura dos imbroch\u00e1veis, a beleza do andar capenga, o falso sorriso largo e a paix\u00e3o doentia pelo czar norte-americano Donald Trump. A diferen\u00e7a cl\u00e1ssica entre eles \u00e9 que Milei n\u00e3o deixar\u00e1 uma eterna ex-primeira-dama para seus confrades argentinos. J\u00e1 tivemos melhores primeiras-damas, mas o que fazer se o destino nos surpreende mesmo quando estamos dormindo?<\/p>\n<p>Por falar em surpresa, n\u00e3o se surpreendam se, em breve, Bolsonaro e Javier se sentarem lado a lado em uma mesa de bar do Caminito ou da Ceil\u00e2ndia para escreverem um samba can\u00e7\u00e3o com acordes de tango e batidas do funk para homenagear Tio Sam. Enquanto isso n\u00e3o ocorre, temos a obriga\u00e7\u00e3o de conviver (e bem) com a primeira-dama escolhida por Luiz In\u00e1cio. Independente, determinada e mandona, Ros\u00e2ngela Lula da Silva, a Janja, mulher que encantou e renovou o g\u00e1s do ativo, animado e aceso presidente, pode n\u00e3o se parecer fisicamente, mas politicamente \u00e9 hoje a nossa Evita Per\u00f3n tupiniquim.<\/p>\n<p>Famosa por sua eleg\u00e2ncia, beleza e por seu carisma, Evita conquistou para o peronismo de Juan Domingo Per\u00f3n o apoio da popula\u00e7\u00e3o pobre, na maioria migrantes de origem rural, aos quais Per\u00f3n chamava de \u201cdescamisados\u201d. Ela foi figura chave de um regime ancorado no paternalismo e na demagogia. O que vivemos no Brasil n\u00e3o \u00e9 mera coincid\u00eancia. Janja ainda est\u00e1 muito longe de ser confundida com uma grande estadista, como foi Evita. No entanto, como foi Evita nos primeiros momentos de sua vida na pol\u00edtica, Janja se mostra uma mulher seduzida pelo poder. Como semelhan\u00e7a principal, o caminho mete\u00f3rico que ambas percorreram na vida p\u00fablica.<\/p>\n<p>A diferen\u00e7a \u00e9 que o resplendor pessoal e pol\u00edtico de Evita tamb\u00e9m foi mete\u00f3rico. Durou apenas 7 anos. Nesse curto per\u00edodo, ela deixou o anonimato para se tornar uma das mulheres mais importantes e poderosas do mundo. Ela morreu em 1952, aos 33 anos. Janja depender\u00e1 da reelei\u00e7\u00e3o de Lula da Silva. Ou n\u00e3o? Vida longa \u00e0 cidad\u00e3 Janja, mas que ela n\u00e3o passe de primeira-dama ciosa, operante e viajante. Alvo di\u00e1rio da oposi\u00e7\u00e3o, as cr\u00edticas v\u00e3o da falta de transpar\u00eancia em agendas com gastos elevados \u00e0 forma como ela usa as redes sociais. O que ningu\u00e9m pode negar \u00e9 que o amor est\u00e1 no ar.<\/p>\n<p>No mundo encantado do enamorado presidente Luiz In\u00e1cio Lula da Silva nem mesmo a viagem antecipada de Janja a Moscou preocupa o velho cora\u00e7\u00e3o petista. Ali\u00e1s, um presidente de terceiro mandato incomoda muita gente. Um presidente e uma Janja incomodam muito mais. Lula embarca nesta ter\u00e7a, 6, para uma s\u00e9rie de viagens internacionais. O primeiro destino ser\u00e1 Moscou, na R\u00fassia, onde Janja est\u00e1 desde s\u00e1bado (3). N\u00e3o questiono a relev\u00e2ncia de suas atividades, mas s\u00e3o seis dias de antecipa\u00e7\u00e3o \u00e0 comitiva principal. Tamb\u00e9m n\u00e3o duvido da honestidade da primeira-dama, mas, s\u00f3 para lembrar uma antiga hist\u00f3ria do imperador romano J\u00falio C\u00e9sar, valho-me de um prov\u00e9rbio insuspeitamente atual: \u201c\u00c0 mulher de C\u00e9sar n\u00e3o basta ser honesta. Ela tem de parecer honesta\u201d. Pelo sim, pelo n\u00e3o, acho que Evita faria a mesma coisa.<\/p>\n<p>&#8230;&#8230;&#8230;&#8230;&#8230;&#8230;..<\/p>\n<p><strong>Mathuzal\u00e9m J\u00fanior \u00e9 jornalista profissional desde 1978<\/strong><\/p>\n","protected":false},"excerpt":{"rendered":"<p>Saudades do Brasil do sossego, da paz, da solidariedade fora do c\u00e2ncer, do futebol encantador, das praias sem arrast\u00e3o, da gera\u00e7\u00e3o Coca-Cola, das jovens tardes de domingo, da bossa-nova e dos cornos masoquistas, aqueles que levam chifre, mas n\u00e3o largam a mulher. Saudades de nossa fant\u00e1stica autoestima e, principalmente, da saud\u00e1vel, mas inflex\u00edvel rivalidade com [&hellip;]<\/p>\n","protected":false},"author":2,"featured_media":353410,"comment_status":"closed","ping_status":"closed","sticky":false,"template":"","format":"standard","meta":{"_acf_changed":false,"footnotes":""},"categories":[16],"tags":[95],"class_list":["post-353409","post","type-post","status-publish","format-standard","has-post-thumbnail","hentry","category-brasil","tag-capa"],"acf":[],"_links":{"self":[{"href":"https:\/\/www.notibras.com\/site\/wp-json\/wp\/v2\/posts\/353409","targetHints":{"allow":["GET"]}}],"collection":[{"href":"https:\/\/www.notibras.com\/site\/wp-json\/wp\/v2\/posts"}],"about":[{"href":"https:\/\/www.notibras.com\/site\/wp-json\/wp\/v2\/types\/post"}],"author":[{"embeddable":true,"href":"https:\/\/www.notibras.com\/site\/wp-json\/wp\/v2\/users\/2"}],"replies":[{"embeddable":true,"href":"https:\/\/www.notibras.com\/site\/wp-json\/wp\/v2\/comments?post=353409"}],"version-history":[{"count":1,"href":"https:\/\/www.notibras.com\/site\/wp-json\/wp\/v2\/posts\/353409\/revisions"}],"predecessor-version":[{"id":353411,"href":"https:\/\/www.notibras.com\/site\/wp-json\/wp\/v2\/posts\/353409\/revisions\/353411"}],"wp:featuredmedia":[{"embeddable":true,"href":"https:\/\/www.notibras.com\/site\/wp-json\/wp\/v2\/media\/353410"}],"wp:attachment":[{"href":"https:\/\/www.notibras.com\/site\/wp-json\/wp\/v2\/media?parent=353409"}],"wp:term":[{"taxonomy":"category","embeddable":true,"href":"https:\/\/www.notibras.com\/site\/wp-json\/wp\/v2\/categories?post=353409"},{"taxonomy":"post_tag","embeddable":true,"href":"https:\/\/www.notibras.com\/site\/wp-json\/wp\/v2\/tags?post=353409"}],"curies":[{"name":"wp","href":"https:\/\/api.w.org\/{rel}","templated":true}]}}