{"id":353474,"date":"2025-05-07T00:09:52","date_gmt":"2025-05-07T03:09:52","guid":{"rendered":"https:\/\/www.notibras.com\/site\/?p=353474"},"modified":"2025-05-07T04:19:18","modified_gmt":"2025-05-07T07:19:18","slug":"ciro-quer-nome-da-centro-direita-para-enfrentar-lula-em-2026","status":"publish","type":"post","link":"https:\/\/www.notibras.com\/site\/ciro-quer-nome-da-centro-direita-para-enfrentar-lula-em-2026\/","title":{"rendered":"Ciro quer nome da centro-direita para enfrentar Lula em 2026"},"content":{"rendered":"<p>As elei\u00e7\u00f5es de 2026 estiveram no centro do debate do Lide Bras\u00edlia com o senador Ciro Nogueira (PP-PI), realizado nesta ter\u00e7a-feira (6). Presidente nacional do Progressistas, ele fez duras cr\u00edticas ao presidente Luiz In\u00e1cio Lula da Silva e pediu o fim das hostilidades pol\u00edticas no Pa\u00eds, assim como fez o governador do Distrito Federal, Ibaneis Rocha (MDB), e a vice, Celina Le\u00e3o. Os empres\u00e1rios que integram o grupo tamb\u00e9m se mostraram dispostos a construir uma alternativa para deixar no passado a polariza\u00e7\u00e3o pol\u00edtica atual.<\/p>\n<p>O Lide Bras\u00edlia reuniu mais de 200 empres\u00e1rios. Logo na apresenta\u00e7\u00e3o do palestrante foi feito o primeiro manifesto em defesa de uma participa\u00e7\u00e3o maior do empresariado nas quest\u00f5es nacionais. \u201cNos pronunciamentos feitos na cria\u00e7\u00e3o da Federa\u00e7\u00e3o Uni\u00e3o Progressistas, uma coisa me chamou a aten\u00e7\u00e3o, que foi o seguinte recado: menos Estado e mais trabalho, menos Estado e mais liberalismo, menos Estado e mais incentivo ao setor produtivo\u201d, destacou Paulo Oct\u00e1vio. Grande parte do PIB de Bras\u00edlia, presente ao evento, sinalizou apoio a uma suposta candidatura de Celina Le\u00e3o ao Pal\u00e1cio do Buriti, em 2026, como sucessora de Ibaneis Rocha.<\/p>\n<p>\u201cEst\u00e1 chegando o momento de o setor produtivo brasileiro criar um projeto de Brasil. N\u00f3s estamos muito omissos, por isso \u00e9 importante a presen\u00e7a de voc\u00eas no Lide, em outras entidades, federa\u00e7\u00f5es e associa\u00e7\u00f5es, porque estamos ap\u00e1ticos. \u00c9 importante criar um projeto grandioso de Brasil, que n\u00e3o seja de um partido pol\u00edtico ou candidato, mas de pa\u00eds. Por isso, quero clamar para que as entidades empresariais aqui presentes se re\u00fanam mais, conversem mais, participem mais, discutam mais. O Brasil vive um momento sem rumo. A gente n\u00e3o sabe para onde vai, e isso \u00e9 muito triste. \u00c9 chegado o momento de n\u00f3s apresentarmos o Brasil que queremos\u201d, disse, pedindo ainda o fim da omiss\u00e3o.<\/p>\n<p>Na sequ\u00eancia, o governador Ibaneis Rocha seguiu no mesmo tom cr\u00edtico. \u201cEu acho que estamos com tudo para colocar esse pa\u00eds de novo no rumo certo, mas precisamos da uni\u00e3o, como disse o Paulo, de toda a classe empresarial, porque ela \u00e9 que tem que ter seus representantes no Congresso e no governo, para que a gente consiga realmente exercer a pol\u00edtica com P mai\u00fasculo, n\u00e3o essa pol\u00edtica rasteira, de persegui\u00e7\u00e3o, de vaias, de xingamentos, como n\u00f3s ouvimos essa semana a deplor\u00e1vel frase do governador da Bahia, em rela\u00e7\u00e3o ao presidente Bolsonaro e seus eleitores\u201d, afirmou.<\/p>\n<p>Ibaneis tamb\u00e9m citou um outro pol\u00edtico hist\u00f3rico do Piau\u00ed, o ex-governador M\u00e3o Santa. \u201cEu n\u00e3o tenho medo de falar, porque nascer e morrer e votar no PT, como diz o velho M\u00e3o Santa, s\u00f3 se faz uma vez. Todas as vezes que eles assumiram, eles fizeram muito mal ao pa\u00eds. Eles n\u00e3o t\u00eam projeto, n\u00e3o t\u00eam articula\u00e7\u00e3o, n\u00e3o gostam de empres\u00e1rios e a grande maioria nunca assinou uma carteira de trabalho. N\u00f3s temos que mudar essa vida pol\u00edtica desse pa\u00eds, porque o pa\u00eds j\u00e1 n\u00e3o aguenta mais tanto sofrimento\u201d, acrescentou. \u201cEu espero que os empres\u00e1rios tenham esse entendimento tamb\u00e9m, de que esse tipo de pol\u00edtica tem feito muito mal ao pa\u00eds\u201d, completou, citando ainda o aumentando da base da arrecada\u00e7\u00e3o do DF, obtido sem aumentar tributos.<\/p>\n<p>\u201cO momento pol\u00edtico de Bras\u00edlia na sequ\u00eancia de governadores da esquerda, depois de Agnelo e Rollemberg, era o pior poss\u00edvel. Bras\u00edlia estava destro\u00e7ada, e n\u00f3s tivemos que fazer um trabalho de recupera\u00e7\u00e3o. O Ciro acreditou desde aquele momento dessa campanha, que ao final, ao lado de Celina e de outros pol\u00edticos aqui, se mostrou vitoriosa, e tem, gra\u00e7as a Deus, dado certo aqui para todos, n\u00e3o s\u00f3 para os empres\u00e1rios, mas tamb\u00e9m para aqueles que mais precisam\u201d, finalizou.<\/p>\n<p><strong>Projeto de centro-direita<\/strong><br \/>\nEm sua palestra, o senador Ciro Nogueira seguiu na mesma linha cr\u00edtica. \u201cEu acho que a encruzilhada que o nosso pa\u00eds se encontra hoje n\u00e3o permite que nenhum homem p\u00fablico, empres\u00e1rio, empreendedor ou cidad\u00e3o se omita a partir de agora\u201d, destacou. \u201cFiquei no auge da minha carreira quando o presidente Bolsonaro confiou em mim a tarefa de dirigir o seu minist\u00e9rio mais importante, a Casa Civil, em um momento muito dif\u00edcil da vida p\u00fablica nacional, de muitos conflitos. Todos acompanharam aquela elei\u00e7\u00e3o t\u00e3o disputada. Quando terminou aquela elei\u00e7\u00e3o, achei que j\u00e1 tinha cumprido meu papel\u201d, destacou.<\/p>\n<p>\u201cNa minha cabe\u00e7a, o presidente Lula que assumiria e seria um presidente que ia unificar o Brasil. Eu fui contra o Lula, mas pelo que eu conhecia dele, ele agir como o Mandela fez na \u00c1frica do Sul. N\u00e3o fez. O Lula de hoje \u00e9 muito diferente do Lula que eu apoiei l\u00e1 atr\u00e1s, que veio para combater a fome e a mis\u00e9ria e conseguiu fazer isso naquele momento. O Lula que n\u00f3s vemos hoje \u00e9 um homem que s\u00f3 olha para tr\u00e1s, ressentido, isolado e que n\u00e3o foi capaz de enfrentar o atual momento\u201d, avaliou.<\/p>\n<p>Ciro Nogueira comparou Lula a Get\u00falio Vargas, destacando um anacronismo hist\u00f3rico nos dois. \u201cEu comparo \u00e0s vezes, separando um pouco as identidades. Eu considero que o Brasil teve quatro grandes l\u00edderes populares: Get\u00falio, Juscelino, Lula e Bolsonaro. E o Get\u00falio daquele tempo tamb\u00e9m voltou e n\u00e3o deveria ter voltado. Porque voltou um homem fora do seu tempo, que se comunicava pelo r\u00e1dio. E terminou como terminou, porque n\u00e3o estava antenado com o momento que ele estava vivendo naquela \u00e9poca. Mais ou menos como o Lula de hoje, que \u00e9 capaz de tentar se comunicar com a popula\u00e7\u00e3o atrav\u00e9s de redes de r\u00e1dio e televis\u00e3o. \u00c9 um homem completamente isolado que n\u00e3o tem um celular\u201d, destacou.<\/p>\n<p>Para o senador, o Brasil vive uma encruzilhada. \u201cTemos que enfrentar um desafio enorme a partir do pr\u00f3ximo ano. O Brasil tem que ter algu\u00e9m que venha nos unificar a partir do pr\u00f3ximo ano, que seja capaz de dialogar com a m\u00eddia, com o Judici\u00e1rio, com o setor produtivo, com o Congresso. E tomar decis\u00f5es que v\u00e3o ser muito dif\u00edceis. N\u00f3s estamos no ponto de a d\u00edvida p\u00fablica bater quase 100%. E a\u00ed seria o fim de linha para o nosso pa\u00eds. O BPC daqui a 5 anos vai ser maior do que o Bolsa Fam\u00edlia. N\u00e3o tem condi\u00e7\u00f5es se n\u00f3s vivermos isso. N\u00f3s j\u00e1 vamos ter, daqui a pouco, que conversar sobre a quest\u00e3o previdenci\u00e1ria. N\u00e3o temos mais como 47% do nosso PIB ser gasto com a m\u00e1quina p\u00fablica. E tem que haver um pacto do Judici\u00e1rio, Executivo e Legislativo para diminuir o tamanho do Estado\u201d, sugeriu.<\/p>\n<p>Classificando-se como um liberal, o senador descartou pautas de costumes ou armas, a exist\u00eancia de bancos estatais. \u201cN\u00f3s vender\u00edamos isso tudo para fazer um grande fundo soberano para investir na nossa infraestrutura, na nossa capacita\u00e7\u00e3o. E assim os pa\u00edses que fizeram algo semelhante, deram certo. E n\u00e3o tem outro caminho. N\u00e3o existe nenhum pa\u00eds que tenha um vi\u00e9s de implementar as pr\u00e1ticas de esquerda que deu certo no mundo. E o nosso pa\u00eds n\u00e3o vai ser diferente. Acho que temos o desafio enorme de unificar as for\u00e7as de centro e da direita para ter um \u00fanico projeto. Escolher o que \u00e9 melhor, tanto o candidato a presidente como o candidato a vice, e fazer um projeto de longo prazo e pelo menos pensar o nosso pa\u00eds pelos pr\u00f3ximos 30, 40 anos. Porque o atual quadro pol\u00edtico, e eu me incluo nisso a\u00ed, fracassou\u201d, definiu. \u201cE n\u00e3o adianta dizer que foi um problema da esquerda, da direita, n\u00e3o. Porque n\u00f3s tivemos nos \u00faltimos 40 anos governo de esquerda e de direita de centro. Mas fracassamos\u201d, complementou.<\/p>\n<p>Ciro Nogueira tamb\u00e9m defendeu anistia aos processados pelo 8 de janeiro de 2023. \u201c\u00c9 chegado o momento do Brasil se unir. Virar essa p\u00e1gina eleitoral, dessa disputa absurda de discutir o dia e noite quest\u00e3o de 8 de janeiro enquanto as fac\u00e7\u00f5es criminosas est\u00e3o tomando conta do Brasil. Isso \u00e9 o que n\u00f3s temos que fazer. Ningu\u00e9m aguenta mais essa pauta de ver opera\u00e7\u00f5es prendendo pessoas por conta dessa narrativa do 8 de janeiro que todos n\u00f3s sabemos o que realmente aconteceu naquele dia. E se tiver algu\u00e9m que tenha tramado alguma coisa errada no nosso pa\u00eds eu n\u00e3o estou aqui para passar o pano em ningu\u00e9m, n\u00e3o. E pague exemplarmente. Mas viremos essa p\u00e1gina\u201d, acrescentou.<\/p>\n<p>Por fim, ele sugeriu uma unidade entre os rivais na elei\u00e7\u00e3o passada. \u201cN\u00e3o se pode fazer nenhum projeto pol\u00edtico no Brasil sem a participa\u00e7\u00e3o de Lula e Bolsonaro. N\u00e3o tem como. Qualquer candidato que o Bolsonaro apoia j\u00e1 sai com mais de 30% e fatalmente vai haver essa disputa no pr\u00f3ximo ano, com 30% na esquerda e 30% na direita, mas temos 40% no centro e esse recado foi dado muito claramente nas elei\u00e7\u00f5es do ano passado, em que 80% dos prefeitos, vice-prefeitos e vereadores t\u00eam esse perfil de centro. As pessoas deram esse recado, mas n\u00f3s temos que unificar algu\u00e9m que seja capaz de pensar o nosso pa\u00eds pelos pr\u00f3ximos 40 anos\u201d, analisou.<\/p>\n","protected":false},"excerpt":{"rendered":"<p>As elei\u00e7\u00f5es de 2026 estiveram no centro do debate do Lide Bras\u00edlia com o senador Ciro Nogueira (PP-PI), realizado nesta ter\u00e7a-feira (6). Presidente nacional do Progressistas, ele fez duras cr\u00edticas ao presidente Luiz In\u00e1cio Lula da Silva e pediu o fim das hostilidades pol\u00edticas no Pa\u00eds, assim como fez o governador do Distrito Federal, Ibaneis [&hellip;]<\/p>\n","protected":false},"author":2,"featured_media":353475,"comment_status":"closed","ping_status":"closed","sticky":false,"template":"","format":"standard","meta":{"_acf_changed":false,"footnotes":""},"categories":[161],"tags":[],"class_list":["post-353474","post","type-post","status-publish","format-standard","has-post-thumbnail","hentry","category-quadradinho-em-foco"],"acf":[],"_links":{"self":[{"href":"https:\/\/www.notibras.com\/site\/wp-json\/wp\/v2\/posts\/353474","targetHints":{"allow":["GET"]}}],"collection":[{"href":"https:\/\/www.notibras.com\/site\/wp-json\/wp\/v2\/posts"}],"about":[{"href":"https:\/\/www.notibras.com\/site\/wp-json\/wp\/v2\/types\/post"}],"author":[{"embeddable":true,"href":"https:\/\/www.notibras.com\/site\/wp-json\/wp\/v2\/users\/2"}],"replies":[{"embeddable":true,"href":"https:\/\/www.notibras.com\/site\/wp-json\/wp\/v2\/comments?post=353474"}],"version-history":[{"count":1,"href":"https:\/\/www.notibras.com\/site\/wp-json\/wp\/v2\/posts\/353474\/revisions"}],"predecessor-version":[{"id":353476,"href":"https:\/\/www.notibras.com\/site\/wp-json\/wp\/v2\/posts\/353474\/revisions\/353476"}],"wp:featuredmedia":[{"embeddable":true,"href":"https:\/\/www.notibras.com\/site\/wp-json\/wp\/v2\/media\/353475"}],"wp:attachment":[{"href":"https:\/\/www.notibras.com\/site\/wp-json\/wp\/v2\/media?parent=353474"}],"wp:term":[{"taxonomy":"category","embeddable":true,"href":"https:\/\/www.notibras.com\/site\/wp-json\/wp\/v2\/categories?post=353474"},{"taxonomy":"post_tag","embeddable":true,"href":"https:\/\/www.notibras.com\/site\/wp-json\/wp\/v2\/tags?post=353474"}],"curies":[{"name":"wp","href":"https:\/\/api.w.org\/{rel}","templated":true}]}}