{"id":353481,"date":"2025-05-07T04:59:39","date_gmt":"2025-05-07T07:59:39","guid":{"rendered":"https:\/\/www.notibras.com\/site\/?p=353481"},"modified":"2025-05-07T05:04:50","modified_gmt":"2025-05-07T08:04:50","slug":"professores-da-rede-municipal-iniciam-greve-por-valorizacao-e-lei-do-piso","status":"publish","type":"post","link":"https:\/\/www.notibras.com\/site\/professores-da-rede-municipal-iniciam-greve-por-valorizacao-e-lei-do-piso\/","title":{"rendered":"Professores da rede municipal iniciam greve por valoriza\u00e7\u00e3o e Lei do Piso"},"content":{"rendered":"<p>Desde a ter\u00e7a-feira (6), os professores da rede p\u00fablica municipal do Recife est\u00e3o em greve. A paralisa\u00e7\u00e3o foi deflagrada ap\u00f3s uma s\u00e9rie de rodadas de negocia\u00e7\u00e3o sem avan\u00e7os com a Prefeitura. De acordo com o Sindicato Municipal dos Profissionais de Ensino da Rede Oficial do Recife (Simpere), a decis\u00e3o representa um posicionamento firme diante da falta de propostas concretas da gest\u00e3o municipal.<\/p>\n<p>A categoria j\u00e1 havia decretado estado de greve no dia 10 de abril e, desde ent\u00e3o, cobra o cumprimento integral da Lei do Piso Nacional do Magist\u00e9rio, al\u00e9m da valoriza\u00e7\u00e3o da carreira docente e da compensa\u00e7\u00e3o por perdas salariais acumuladas ao longo dos anos.<\/p>\n<p>Na reuni\u00e3o mais recente, realizada no dia 6, professores e representantes da prefeitura n\u00e3o chegaram a um consenso. Segundo os docentes, a proposta de reajuste apresentada \u2014 1,5% at\u00e9 junho, com acr\u00e9scimo de 0,95% a partir de julho \u2014 ficou muito aqu\u00e9m do \u00edndice de 6,27% previsto pelo piso nacional, sem contemplar ainda a reposi\u00e7\u00e3o das perdas de 12,78% de anos anteriores.<\/p>\n<p>Em nota oficial, a Prefeitura do Recife afirmou que &#8220;mant\u00e9m abertas as mesas de negocia\u00e7\u00e3o com a categoria&#8221; e destacou que, desde 2021, tem implementado a\u00e7\u00f5es para ampliar a oferta de ensino na rede municipal.<\/p>\n<p>A greve segue sem previs\u00e3o de t\u00e9rmino, com a categoria mobilizada por melhorias que consideram fundamentais para a educa\u00e7\u00e3o p\u00fablica e a dignidade profissional.<\/p>\n","protected":false},"excerpt":{"rendered":"<p>Desde a ter\u00e7a-feira (6), os professores da rede p\u00fablica municipal do Recife est\u00e3o em greve. A paralisa\u00e7\u00e3o foi deflagrada ap\u00f3s uma s\u00e9rie de rodadas de negocia\u00e7\u00e3o sem avan\u00e7os com a Prefeitura. De acordo com o Sindicato Municipal dos Profissionais de Ensino da Rede Oficial do Recife (Simpere), a decis\u00e3o representa um posicionamento firme diante da [&hellip;]<\/p>\n","protected":false},"author":2,"featured_media":353482,"comment_status":"closed","ping_status":"closed","sticky":false,"template":"","format":"standard","meta":{"_acf_changed":false,"footnotes":""},"categories":[165],"tags":[],"class_list":["post-353481","post","type-post","status-publish","format-standard","has-post-thumbnail","hentry","category-nordeste"],"acf":[],"_links":{"self":[{"href":"https:\/\/www.notibras.com\/site\/wp-json\/wp\/v2\/posts\/353481","targetHints":{"allow":["GET"]}}],"collection":[{"href":"https:\/\/www.notibras.com\/site\/wp-json\/wp\/v2\/posts"}],"about":[{"href":"https:\/\/www.notibras.com\/site\/wp-json\/wp\/v2\/types\/post"}],"author":[{"embeddable":true,"href":"https:\/\/www.notibras.com\/site\/wp-json\/wp\/v2\/users\/2"}],"replies":[{"embeddable":true,"href":"https:\/\/www.notibras.com\/site\/wp-json\/wp\/v2\/comments?post=353481"}],"version-history":[{"count":3,"href":"https:\/\/www.notibras.com\/site\/wp-json\/wp\/v2\/posts\/353481\/revisions"}],"predecessor-version":[{"id":353485,"href":"https:\/\/www.notibras.com\/site\/wp-json\/wp\/v2\/posts\/353481\/revisions\/353485"}],"wp:featuredmedia":[{"embeddable":true,"href":"https:\/\/www.notibras.com\/site\/wp-json\/wp\/v2\/media\/353482"}],"wp:attachment":[{"href":"https:\/\/www.notibras.com\/site\/wp-json\/wp\/v2\/media?parent=353481"}],"wp:term":[{"taxonomy":"category","embeddable":true,"href":"https:\/\/www.notibras.com\/site\/wp-json\/wp\/v2\/categories?post=353481"},{"taxonomy":"post_tag","embeddable":true,"href":"https:\/\/www.notibras.com\/site\/wp-json\/wp\/v2\/tags?post=353481"}],"curies":[{"name":"wp","href":"https:\/\/api.w.org\/{rel}","templated":true}]}}