{"id":353486,"date":"2025-05-07T00:06:58","date_gmt":"2025-05-07T03:06:58","guid":{"rendered":"https:\/\/www.notibras.com\/site\/?p=353486"},"modified":"2025-05-07T05:08:27","modified_gmt":"2025-05-07T08:08:27","slug":"temporal-provoca-transtornos-e-interdita-10-casas","status":"publish","type":"post","link":"https:\/\/www.notibras.com\/site\/temporal-provoca-transtornos-e-interdita-10-casas\/","title":{"rendered":"Temporal provoca transtornos e interdita 10 casas"},"content":{"rendered":"<p>Dez resid\u00eancias foram interditadas pela Defesa Civil ap\u00f3s um deslizamento de terra provocado por um temporal atingir os im\u00f3veis em Candeias, na Regi\u00e3o Metropolitana de Salvador, nesta ter\u00e7a-feira (6).<\/p>\n<p>O incidente ocorreu na rua Get\u00falio Vargas, no bairro Areia, que liga a BA-522 ao centro da cidade. Tr\u00eas casas foram parcialmente destru\u00eddas com o deslizamento, mas, felizmente, ningu\u00e9m ficou ferido. Ao todo, 24 pessoas precisaram deixar suas casas.<\/p>\n<p>&#8220;Um barranco da casa da vizinha cedeu e amea\u00e7a levar a minha junto. Por isso, tive que sair. Minha irm\u00e3 me cedeu a casa dela para guardar minhas coisas&#8221;, relatou Elenilda dos Santos, uma das moradoras afetadas.<\/p>\n<p>De acordo com a secret\u00e1ria de Assist\u00eancia Social de Candeias, Soraia Cabral, a prefeitura ofereceu escolas como abrigo tempor\u00e1rio, mas os moradores optaram por buscar apoio em casas de parentes. &#8220;Temos tamb\u00e9m uma equipe m\u00f3vel procurando im\u00f3veis que possam ser alugados para acolher essas fam\u00edlias&#8221;, explicou a secret\u00e1ria.<\/p>\n<p>Al\u00e9m de Candeias, Salvador e outras cidades da regi\u00e3o metropolitana tamb\u00e9m enfrentaram problemas devido \u00e0s fortes chuvas. Foram registrados alagamentos em v\u00e1rios pontos da capital, como a Avenida Paralela e \u00e1reas da Cidade Baixa.<\/p>\n<p>Na Avenida Paulo VI, no bairro da Pituba, parte do asfalto cedeu e um carro ficou preso. A ocorr\u00eancia causou lentid\u00e3o no tr\u00e2nsito no sentido da orla, segundo informa\u00e7\u00f5es da Superintend\u00eancia de Tr\u00e2nsito de Salvador (Transalvador).<\/p>\n","protected":false},"excerpt":{"rendered":"<p>Dez resid\u00eancias foram interditadas pela Defesa Civil ap\u00f3s um deslizamento de terra provocado por um temporal atingir os im\u00f3veis em Candeias, na Regi\u00e3o Metropolitana de Salvador, nesta ter\u00e7a-feira (6). O incidente ocorreu na rua Get\u00falio Vargas, no bairro Areia, que liga a BA-522 ao centro da cidade. Tr\u00eas casas foram parcialmente destru\u00eddas com o deslizamento, [&hellip;]<\/p>\n","protected":false},"author":2,"featured_media":353487,"comment_status":"closed","ping_status":"closed","sticky":false,"template":"","format":"standard","meta":{"_acf_changed":false,"footnotes":""},"categories":[165],"tags":[],"class_list":["post-353486","post","type-post","status-publish","format-standard","has-post-thumbnail","hentry","category-nordeste"],"acf":[],"_links":{"self":[{"href":"https:\/\/www.notibras.com\/site\/wp-json\/wp\/v2\/posts\/353486","targetHints":{"allow":["GET"]}}],"collection":[{"href":"https:\/\/www.notibras.com\/site\/wp-json\/wp\/v2\/posts"}],"about":[{"href":"https:\/\/www.notibras.com\/site\/wp-json\/wp\/v2\/types\/post"}],"author":[{"embeddable":true,"href":"https:\/\/www.notibras.com\/site\/wp-json\/wp\/v2\/users\/2"}],"replies":[{"embeddable":true,"href":"https:\/\/www.notibras.com\/site\/wp-json\/wp\/v2\/comments?post=353486"}],"version-history":[{"count":1,"href":"https:\/\/www.notibras.com\/site\/wp-json\/wp\/v2\/posts\/353486\/revisions"}],"predecessor-version":[{"id":353488,"href":"https:\/\/www.notibras.com\/site\/wp-json\/wp\/v2\/posts\/353486\/revisions\/353488"}],"wp:featuredmedia":[{"embeddable":true,"href":"https:\/\/www.notibras.com\/site\/wp-json\/wp\/v2\/media\/353487"}],"wp:attachment":[{"href":"https:\/\/www.notibras.com\/site\/wp-json\/wp\/v2\/media?parent=353486"}],"wp:term":[{"taxonomy":"category","embeddable":true,"href":"https:\/\/www.notibras.com\/site\/wp-json\/wp\/v2\/categories?post=353486"},{"taxonomy":"post_tag","embeddable":true,"href":"https:\/\/www.notibras.com\/site\/wp-json\/wp\/v2\/tags?post=353486"}],"curies":[{"name":"wp","href":"https:\/\/api.w.org\/{rel}","templated":true}]}}