{"id":353489,"date":"2025-05-07T05:16:34","date_gmt":"2025-05-07T08:16:34","guid":{"rendered":"https:\/\/www.notibras.com\/site\/?p=353489"},"modified":"2025-05-07T05:16:34","modified_gmt":"2025-05-07T08:16:34","slug":"ambientalistas-sugerem-trocar-arvores-centenarias-por-fruteiras-nordestinas","status":"publish","type":"post","link":"https:\/\/www.notibras.com\/site\/ambientalistas-sugerem-trocar-arvores-centenarias-por-fruteiras-nordestinas\/","title":{"rendered":"Ambientalistas sugerem trocar \u00e1rvores centen\u00e1rias por fruteiras nordestinas"},"content":{"rendered":"<p>Numa assembleia urgente convocada sob a sombra de um majestoso baob\u00e1 em extin\u00e7\u00e3o, os ambientalistas do Novo Nordeste Verdejante, um coletivo que mistura permacultura com coaching hol\u00edstico, lan\u00e7aram uma proposta revolucion\u00e1ria: substituir todas as \u00e1rvores centen\u00e1rias das capitais nordestinas por mudas de frutas da regi\u00e3o. \u201cP\u00e9 de jambo \u00e9 bonito, mas e a fun\u00e7\u00e3o social da manga?\u201d, questionou Solange Guaib\u00ea, coordenadora da iniciativa \u201cFrutificar \u00e9 Preciso\u201d.<\/p>\n<p>Segundo os entusiastas da ideia, al\u00e9m de combater a inseguran\u00e7a alimentar, a medida tamb\u00e9m reduziria a ansiedade urbana. \u201cQuem nunca se acalmou olhando um cacho de banana amadurecendo?\u201d, argumentou Zenivaldo, um ex-cabelereiro de Salvador que largou tudo para viver de acerola e mantras.<\/p>\n<p>A proposta prev\u00ea que os flamboyants de Aracaju deem lugar a cajaraneiras, as gameleiras de Natal a goiabeiras, e os ip\u00eas de Fortaleza a abacateiros robustos. Em Recife, os paus-d&#8217;arco hist\u00f3ricos seriam substitu\u00eddos por p\u00e9s de jaca \u2013 gerando entusiasmo e preocupa\u00e7\u00e3o. \u201cJaca \u00e9 sustent\u00e1vel at\u00e9 cair na cabe\u00e7a de um turista\u201d, alertou o guia Edmilson, com a sabedoria de quem j\u00e1 presenciou o caos que uma jaca madura pode causar num city tour.<\/p>\n<p>Houve quem criticasse o projeto. \u201cAs \u00e1rvores antigas contam hist\u00f3rias, resistiram a enchentes, secas, prefeitos\u201d, disse Dona Amelinha, 92 anos, que planta um limoeiro no quintal mas chora ao ver um tamboril ser arrancado. J\u00e1 o prefeito de uma dessas capitais, entusiasmado, prop\u00f4s um \u201cFrut\u00f4metro Cidad\u00e3o\u201d, aplicativo onde o mun\u00edcipe poder\u00e1 avaliar o sabor da fruta e pontuar com estrelas: \u201cQueremos engajamento e vitamina C!\u201d, disse em coletiva.<\/p>\n<p>Especialistas em urbanismo alertam que, al\u00e9m da perda da biodiversidade e da mem\u00f3ria vegetal, o plano n\u00e3o considera o fato de que frutas atraem bichos, e bichos fazem coc\u00f4. \u201cPensem nos pombos e nos morcegos! Isso aqui vai virar um suco urbano fermentado ao sol\u201d, advertiu a bi\u00f3loga Clarissa, entre solu\u00e7os e planilhas.<\/p>\n<p>Enquanto o debate esquenta, uma rede de fast-food vegano anunciou que pretende \u201cadotar\u201d uma pracinha e transformar seus cajus em snacks de temporada. J\u00e1 nas redes sociais, influenciadores sustent\u00e1veis fazem lives colhendo manga com filtro s\u00e9pia e hashtags como #\u00c1rvoreComest\u00edvel\u00c9Amor.<\/p>\n<p>E assim segue o projeto: entre o del\u00edrio frut\u00edfero e a poda da mem\u00f3ria. Porque no Nordeste, at\u00e9 a sombra pode virar vitamina.<\/p>\n","protected":false},"excerpt":{"rendered":"<p>Numa assembleia urgente convocada sob a sombra de um majestoso baob\u00e1 em extin\u00e7\u00e3o, os ambientalistas do Novo Nordeste Verdejante, um coletivo que mistura permacultura com coaching hol\u00edstico, lan\u00e7aram uma proposta revolucion\u00e1ria: substituir todas as \u00e1rvores centen\u00e1rias das capitais nordestinas por mudas de frutas da regi\u00e3o. \u201cP\u00e9 de jambo \u00e9 bonito, mas e a fun\u00e7\u00e3o social [&hellip;]<\/p>\n","protected":false},"author":2,"featured_media":353490,"comment_status":"closed","ping_status":"closed","sticky":false,"template":"","format":"standard","meta":{"_acf_changed":false,"footnotes":""},"categories":[165],"tags":[],"class_list":["post-353489","post","type-post","status-publish","format-standard","has-post-thumbnail","hentry","category-nordeste"],"acf":[],"_links":{"self":[{"href":"https:\/\/www.notibras.com\/site\/wp-json\/wp\/v2\/posts\/353489","targetHints":{"allow":["GET"]}}],"collection":[{"href":"https:\/\/www.notibras.com\/site\/wp-json\/wp\/v2\/posts"}],"about":[{"href":"https:\/\/www.notibras.com\/site\/wp-json\/wp\/v2\/types\/post"}],"author":[{"embeddable":true,"href":"https:\/\/www.notibras.com\/site\/wp-json\/wp\/v2\/users\/2"}],"replies":[{"embeddable":true,"href":"https:\/\/www.notibras.com\/site\/wp-json\/wp\/v2\/comments?post=353489"}],"version-history":[{"count":1,"href":"https:\/\/www.notibras.com\/site\/wp-json\/wp\/v2\/posts\/353489\/revisions"}],"predecessor-version":[{"id":353491,"href":"https:\/\/www.notibras.com\/site\/wp-json\/wp\/v2\/posts\/353489\/revisions\/353491"}],"wp:featuredmedia":[{"embeddable":true,"href":"https:\/\/www.notibras.com\/site\/wp-json\/wp\/v2\/media\/353490"}],"wp:attachment":[{"href":"https:\/\/www.notibras.com\/site\/wp-json\/wp\/v2\/media?parent=353489"}],"wp:term":[{"taxonomy":"category","embeddable":true,"href":"https:\/\/www.notibras.com\/site\/wp-json\/wp\/v2\/categories?post=353489"},{"taxonomy":"post_tag","embeddable":true,"href":"https:\/\/www.notibras.com\/site\/wp-json\/wp\/v2\/tags?post=353489"}],"curies":[{"name":"wp","href":"https:\/\/api.w.org\/{rel}","templated":true}]}}