{"id":35352,"date":"2015-01-29T16:15:45","date_gmt":"2015-01-29T19:15:45","guid":{"rendered":"http:\/\/www.notibras.com\/site\/?p=35352"},"modified":"2015-01-29T17:02:16","modified_gmt":"2015-01-29T20:02:16","slug":"carnaval-e-coisa-seria-quem-brincar-com-minha-mascara-vai-se-dar-mal-avisa-cervero","status":"publish","type":"post","link":"https:\/\/www.notibras.com\/site\/carnaval-e-coisa-seria-quem-brincar-com-minha-mascara-vai-se-dar-mal-avisa-cervero\/","title":{"rendered":"Carnaval \u00e9 coisa s\u00e9ria e uso de m\u00e1scara com a cara de Cerver\u00f3 pode parar na pol\u00edcia"},"content":{"rendered":"<p class=\"text\">A defesa do ex-diretor da \u00c1rea Internacional da Petrobras Nestor Cerver\u00f3 amea\u00e7ou processar quem produzir m\u00e1scaras com o rosto dele para o Carnaval. O esc\u00e2ndalo na estatal fez com que algumas f\u00e1bricas planejassem criar os artigos com a imagem deele.<\/p>\n<p class=\"text\">Um integrante da equipe do ex-diretor teria ligado para a Condal, maior f\u00e1brica que produz m\u00e1scaras de Carnaval, para dizer que a empresa seria processada, caso produzisse as m\u00e1scaras, revela O Globo.<\/p>\n<blockquote>\n<p class=\"text\">Ao jornal, a dona da f\u00e1brica afirmou que desistiu de produzir o artigo para \u201cevitar dores de cabe\u00e7a\u201d. A ideia agora \u00e9 produzir m\u00e1scaras da presidente da Petrobras, Gra\u00e7a Foster.<\/p>\n<\/blockquote>\n<p class=\"text\">De acordo com O Globo, os donos da f\u00e1brica nunca foram processados por alguma autoridade que teve o rosto moldado nas m\u00e1scaras.<\/p>\n<p class=\"text\">Na \u00e9poca do julgamento do mensal\u00e3o, os personagens foram o ex-ministro Jos\u00e9 Dirceu, o ex-presidente do PT Jos\u00e9 Genoino e o ex-presidente do Supremo Tribunal Federal Joaquim Barbosa.<\/p>\n","protected":false},"excerpt":{"rendered":"<p>A defesa do ex-diretor da \u00c1rea Internacional da Petrobras Nestor Cerver\u00f3 amea\u00e7ou processar quem produzir m\u00e1scaras com o rosto dele para o Carnaval. O esc\u00e2ndalo na estatal fez com que algumas f\u00e1bricas planejassem criar os artigos com a imagem deele. Um integrante da equipe do ex-diretor teria ligado para a Condal, maior f\u00e1brica que produz [&hellip;]<\/p>\n","protected":false},"author":2,"featured_media":35353,"comment_status":"open","ping_status":"closed","sticky":false,"template":"","format":"standard","meta":{"_acf_changed":false,"footnotes":""},"categories":[16],"tags":[],"class_list":["post-35352","post","type-post","status-publish","format-standard","has-post-thumbnail","hentry","category-brasil"],"acf":[],"yoast_head":"<!-- This site is optimized with the Yoast SEO plugin v27.2 - https:\/\/yoast.com\/product\/yoast-seo-wordpress\/ -->\n<title>Carnaval \u00e9 coisa s\u00e9ria e uso de m\u00e1scara com a cara de Cerver\u00f3 pode parar na pol\u00edcia - Notibras<\/title>\n<meta name=\"robots\" content=\"index, follow, max-snippet:-1, max-image-preview:large, max-video-preview:-1\" \/>\n<link rel=\"canonical\" href=\"https:\/\/www.notibras.com\/site\/carnaval-e-coisa-seria-quem-brincar-com-minha-mascara-vai-se-dar-mal-avisa-cervero\/\" \/>\n<meta property=\"og:locale\" content=\"pt_BR\" \/>\n<meta property=\"og:type\" content=\"article\" \/>\n<meta property=\"og:title\" content=\"Carnaval \u00e9 coisa s\u00e9ria e uso de m\u00e1scara com a cara de Cerver\u00f3 pode parar na pol\u00edcia - Notibras\" \/>\n<meta property=\"og:description\" content=\"A defesa do ex-diretor da \u00c1rea Internacional da Petrobras Nestor Cerver\u00f3 amea\u00e7ou processar quem produzir m\u00e1scaras com o rosto dele para o Carnaval. O esc\u00e2ndalo na estatal fez com que algumas f\u00e1bricas planejassem criar os artigos com a imagem deele. Um integrante da equipe do ex-diretor teria ligado para a Condal, maior f\u00e1brica que produz [&hellip;]\" \/>\n<meta property=\"og:url\" content=\"https:\/\/www.notibras.com\/site\/carnaval-e-coisa-seria-quem-brincar-com-minha-mascara-vai-se-dar-mal-avisa-cervero\/\" \/>\n<meta property=\"og:site_name\" content=\"Notibras\" \/>\n<meta property=\"article:publisher\" content=\"https:\/\/www.facebook.com\/notibras\/\" \/>\n<meta property=\"article:published_time\" content=\"2015-01-29T19:15:45+00:00\" \/>\n<meta property=\"article:modified_time\" content=\"2015-01-29T20:02:16+00:00\" \/>\n<meta property=\"og:image\" content=\"https:\/\/www.notibras.com\/site\/wp-content\/uploads\/2015\/01\/Cervero.jpg\" \/>\n\t<meta property=\"og:image:width\" content=\"243\" \/>\n\t<meta property=\"og:image:height\" content=\"207\" \/>\n\t<meta property=\"og:image:type\" content=\"image\/jpeg\" \/>\n<meta name=\"author\" content=\"Reda\u00e7\u00e3o\" \/>\n<meta name=\"twitter:card\" content=\"summary_large_image\" \/>\n<meta name=\"twitter:creator\" content=\"@Notibras\" \/>\n<meta name=\"twitter:site\" content=\"@Notibras\" \/>\n<meta name=\"twitter:label1\" content=\"Escrito por\" \/>\n\t<meta name=\"twitter:data1\" content=\"Reda\u00e7\u00e3o\" \/>\n\t<meta name=\"twitter:label2\" content=\"Est. tempo de leitura\" \/>\n\t<meta name=\"twitter:data2\" content=\"1 minuto\" \/>\n<script type=\"application\/ld+json\" class=\"yoast-schema-graph\">{\"@context\":\"https:\/\/schema.org\",\"@graph\":[{\"@type\":\"Article\",\"@id\":\"https:\/\/www.notibras.com\/site\/carnaval-e-coisa-seria-quem-brincar-com-minha-mascara-vai-se-dar-mal-avisa-cervero\/#article\",\"isPartOf\":{\"@id\":\"https:\/\/www.notibras.com\/site\/carnaval-e-coisa-seria-quem-brincar-com-minha-mascara-vai-se-dar-mal-avisa-cervero\/\"},\"author\":{\"name\":\"Reda\u00e7\u00e3o\",\"@id\":\"https:\/\/www.notibras.com\/site\/#\/schema\/person\/36ab0979449956132d3e5b517ea76ac8\"},\"headline\":\"Carnaval \u00e9 coisa s\u00e9ria e uso de m\u00e1scara com a cara de Cerver\u00f3 pode parar na pol\u00edcia\",\"datePublished\":\"2015-01-29T19:15:45+00:00\",\"dateModified\":\"2015-01-29T20:02:16+00:00\",\"mainEntityOfPage\":{\"@id\":\"https:\/\/www.notibras.com\/site\/carnaval-e-coisa-seria-quem-brincar-com-minha-mascara-vai-se-dar-mal-avisa-cervero\/\"},\"wordCount\":184,\"commentCount\":0,\"publisher\":{\"@id\":\"https:\/\/www.notibras.com\/site\/#organization\"},\"image\":{\"@id\":\"https:\/\/www.notibras.com\/site\/carnaval-e-coisa-seria-quem-brincar-com-minha-mascara-vai-se-dar-mal-avisa-cervero\/#primaryimage\"},\"thumbnailUrl\":\"https:\/\/www.notibras.com\/site\/wp-content\/uploads\/2015\/01\/Cervero.jpg\",\"articleSection\":[\"Brasil\"],\"inLanguage\":\"pt-BR\",\"potentialAction\":[{\"@type\":\"CommentAction\",\"name\":\"Comment\",\"target\":[\"https:\/\/www.notibras.com\/site\/carnaval-e-coisa-seria-quem-brincar-com-minha-mascara-vai-se-dar-mal-avisa-cervero\/#respond\"]}]},{\"@type\":\"WebPage\",\"@id\":\"https:\/\/www.notibras.com\/site\/carnaval-e-coisa-seria-quem-brincar-com-minha-mascara-vai-se-dar-mal-avisa-cervero\/\",\"url\":\"https:\/\/www.notibras.com\/site\/carnaval-e-coisa-seria-quem-brincar-com-minha-mascara-vai-se-dar-mal-avisa-cervero\/\",\"name\":\"Carnaval \u00e9 coisa s\u00e9ria e uso de m\u00e1scara com a cara de Cerver\u00f3 pode parar na pol\u00edcia - Notibras\",\"isPartOf\":{\"@id\":\"https:\/\/www.notibras.com\/site\/#website\"},\"primaryImageOfPage\":{\"@id\":\"https:\/\/www.notibras.com\/site\/carnaval-e-coisa-seria-quem-brincar-com-minha-mascara-vai-se-dar-mal-avisa-cervero\/#primaryimage\"},\"image\":{\"@id\":\"https:\/\/www.notibras.com\/site\/carnaval-e-coisa-seria-quem-brincar-com-minha-mascara-vai-se-dar-mal-avisa-cervero\/#primaryimage\"},\"thumbnailUrl\":\"https:\/\/www.notibras.com\/site\/wp-content\/uploads\/2015\/01\/Cervero.jpg\",\"datePublished\":\"2015-01-29T19:15:45+00:00\",\"dateModified\":\"2015-01-29T20:02:16+00:00\",\"breadcrumb\":{\"@id\":\"https:\/\/www.notibras.com\/site\/carnaval-e-coisa-seria-quem-brincar-com-minha-mascara-vai-se-dar-mal-avisa-cervero\/#breadcrumb\"},\"inLanguage\":\"pt-BR\",\"potentialAction\":[{\"@type\":\"ReadAction\",\"target\":[\"https:\/\/www.notibras.com\/site\/carnaval-e-coisa-seria-quem-brincar-com-minha-mascara-vai-se-dar-mal-avisa-cervero\/\"]}]},{\"@type\":\"ImageObject\",\"inLanguage\":\"pt-BR\",\"@id\":\"https:\/\/www.notibras.com\/site\/carnaval-e-coisa-seria-quem-brincar-com-minha-mascara-vai-se-dar-mal-avisa-cervero\/#primaryimage\",\"url\":\"https:\/\/www.notibras.com\/site\/wp-content\/uploads\/2015\/01\/Cervero.jpg\",\"contentUrl\":\"https:\/\/www.notibras.com\/site\/wp-content\/uploads\/2015\/01\/Cervero.jpg\",\"width\":243,\"height\":207},{\"@type\":\"BreadcrumbList\",\"@id\":\"https:\/\/www.notibras.com\/site\/carnaval-e-coisa-seria-quem-brincar-com-minha-mascara-vai-se-dar-mal-avisa-cervero\/#breadcrumb\",\"itemListElement\":[{\"@type\":\"ListItem\",\"position\":1,\"name\":\"In\u00edcio\",\"item\":\"https:\/\/www.notibras.com\/site\/\"},{\"@type\":\"ListItem\",\"position\":2,\"name\":\"Carnaval \u00e9 coisa s\u00e9ria e uso de m\u00e1scara com a cara de Cerver\u00f3 pode parar na pol\u00edcia\"}]},{\"@type\":\"WebSite\",\"@id\":\"https:\/\/www.notibras.com\/site\/#website\",\"url\":\"https:\/\/www.notibras.com\/site\/\",\"name\":\"Notibras\",\"description\":\"Not\u00edcias de Bras\u00edlia, do Brasil e do Mundo\",\"publisher\":{\"@id\":\"https:\/\/www.notibras.com\/site\/#organization\"},\"potentialAction\":[{\"@type\":\"SearchAction\",\"target\":{\"@type\":\"EntryPoint\",\"urlTemplate\":\"https:\/\/www.notibras.com\/site\/?s={search_term_string}\"},\"query-input\":{\"@type\":\"PropertyValueSpecification\",\"valueRequired\":true,\"valueName\":\"search_term_string\"}}],\"inLanguage\":\"pt-BR\"},{\"@type\":\"Organization\",\"@id\":\"https:\/\/www.notibras.com\/site\/#organization\",\"name\":\"Grupo Notibras de Comunica\u00e7\u00e3o\",\"url\":\"https:\/\/www.notibras.com\/site\/\",\"logo\":{\"@type\":\"ImageObject\",\"inLanguage\":\"pt-BR\",\"@id\":\"https:\/\/www.notibras.com\/site\/#\/schema\/logo\/image\/\",\"url\":\"https:\/\/www.notibras.com\/site\/wp-content\/uploads\/2023\/01\/notibras23.png\",\"contentUrl\":\"https:\/\/www.notibras.com\/site\/wp-content\/uploads\/2023\/01\/notibras23.png\",\"width\":350,\"height\":87,\"caption\":\"Grupo Notibras de Comunica\u00e7\u00e3o\"},\"image\":{\"@id\":\"https:\/\/www.notibras.com\/site\/#\/schema\/logo\/image\/\"},\"sameAs\":[\"https:\/\/www.facebook.com\/notibras\/\",\"https:\/\/x.com\/Notibras\",\"https:\/\/www.instagram.com\/notibras\/\"]},{\"@type\":\"Person\",\"@id\":\"https:\/\/www.notibras.com\/site\/#\/schema\/person\/36ab0979449956132d3e5b517ea76ac8\",\"name\":\"Reda\u00e7\u00e3o\",\"image\":{\"@type\":\"ImageObject\",\"inLanguage\":\"pt-BR\",\"@id\":\"https:\/\/secure.gravatar.com\/avatar\/e0a867bdedb85fd243eadf09663511f96fc81e0720a4a42581f334ad4303aa6b?s=96&d=mm&r=g\",\"url\":\"https:\/\/secure.gravatar.com\/avatar\/e0a867bdedb85fd243eadf09663511f96fc81e0720a4a42581f334ad4303aa6b?s=96&d=mm&r=g\",\"contentUrl\":\"https:\/\/secure.gravatar.com\/avatar\/e0a867bdedb85fd243eadf09663511f96fc81e0720a4a42581f334ad4303aa6b?s=96&d=mm&r=g\",\"caption\":\"Reda\u00e7\u00e3o\"}}]}<\/script>\n<!-- \/ Yoast SEO plugin. -->","yoast_head_json":{"title":"Carnaval \u00e9 coisa s\u00e9ria e uso de m\u00e1scara com a cara de Cerver\u00f3 pode parar na pol\u00edcia - Notibras","robots":{"index":"index","follow":"follow","max-snippet":"max-snippet:-1","max-image-preview":"max-image-preview:large","max-video-preview":"max-video-preview:-1"},"canonical":"https:\/\/www.notibras.com\/site\/carnaval-e-coisa-seria-quem-brincar-com-minha-mascara-vai-se-dar-mal-avisa-cervero\/","og_locale":"pt_BR","og_type":"article","og_title":"Carnaval \u00e9 coisa s\u00e9ria e uso de m\u00e1scara com a cara de Cerver\u00f3 pode parar na pol\u00edcia - Notibras","og_description":"A defesa do ex-diretor da \u00c1rea Internacional da Petrobras Nestor Cerver\u00f3 amea\u00e7ou processar quem produzir m\u00e1scaras com o rosto dele para o Carnaval. O esc\u00e2ndalo na estatal fez com que algumas f\u00e1bricas planejassem criar os artigos com a imagem deele. Um integrante da equipe do ex-diretor teria ligado para a Condal, maior f\u00e1brica que produz [&hellip;]","og_url":"https:\/\/www.notibras.com\/site\/carnaval-e-coisa-seria-quem-brincar-com-minha-mascara-vai-se-dar-mal-avisa-cervero\/","og_site_name":"Notibras","article_publisher":"https:\/\/www.facebook.com\/notibras\/","article_published_time":"2015-01-29T19:15:45+00:00","article_modified_time":"2015-01-29T20:02:16+00:00","og_image":[{"width":243,"height":207,"url":"https:\/\/www.notibras.com\/site\/wp-content\/uploads\/2015\/01\/Cervero.jpg","type":"image\/jpeg"}],"author":"Reda\u00e7\u00e3o","twitter_card":"summary_large_image","twitter_creator":"@Notibras","twitter_site":"@Notibras","twitter_misc":{"Escrito por":"Reda\u00e7\u00e3o","Est. tempo de leitura":"1 minuto"},"schema":{"@context":"https:\/\/schema.org","@graph":[{"@type":"Article","@id":"https:\/\/www.notibras.com\/site\/carnaval-e-coisa-seria-quem-brincar-com-minha-mascara-vai-se-dar-mal-avisa-cervero\/#article","isPartOf":{"@id":"https:\/\/www.notibras.com\/site\/carnaval-e-coisa-seria-quem-brincar-com-minha-mascara-vai-se-dar-mal-avisa-cervero\/"},"author":{"name":"Reda\u00e7\u00e3o","@id":"https:\/\/www.notibras.com\/site\/#\/schema\/person\/36ab0979449956132d3e5b517ea76ac8"},"headline":"Carnaval \u00e9 coisa s\u00e9ria e uso de m\u00e1scara com a cara de Cerver\u00f3 pode parar na pol\u00edcia","datePublished":"2015-01-29T19:15:45+00:00","dateModified":"2015-01-29T20:02:16+00:00","mainEntityOfPage":{"@id":"https:\/\/www.notibras.com\/site\/carnaval-e-coisa-seria-quem-brincar-com-minha-mascara-vai-se-dar-mal-avisa-cervero\/"},"wordCount":184,"commentCount":0,"publisher":{"@id":"https:\/\/www.notibras.com\/site\/#organization"},"image":{"@id":"https:\/\/www.notibras.com\/site\/carnaval-e-coisa-seria-quem-brincar-com-minha-mascara-vai-se-dar-mal-avisa-cervero\/#primaryimage"},"thumbnailUrl":"https:\/\/www.notibras.com\/site\/wp-content\/uploads\/2015\/01\/Cervero.jpg","articleSection":["Brasil"],"inLanguage":"pt-BR","potentialAction":[{"@type":"CommentAction","name":"Comment","target":["https:\/\/www.notibras.com\/site\/carnaval-e-coisa-seria-quem-brincar-com-minha-mascara-vai-se-dar-mal-avisa-cervero\/#respond"]}]},{"@type":"WebPage","@id":"https:\/\/www.notibras.com\/site\/carnaval-e-coisa-seria-quem-brincar-com-minha-mascara-vai-se-dar-mal-avisa-cervero\/","url":"https:\/\/www.notibras.com\/site\/carnaval-e-coisa-seria-quem-brincar-com-minha-mascara-vai-se-dar-mal-avisa-cervero\/","name":"Carnaval \u00e9 coisa s\u00e9ria e uso de m\u00e1scara com a cara de Cerver\u00f3 pode parar na pol\u00edcia - Notibras","isPartOf":{"@id":"https:\/\/www.notibras.com\/site\/#website"},"primaryImageOfPage":{"@id":"https:\/\/www.notibras.com\/site\/carnaval-e-coisa-seria-quem-brincar-com-minha-mascara-vai-se-dar-mal-avisa-cervero\/#primaryimage"},"image":{"@id":"https:\/\/www.notibras.com\/site\/carnaval-e-coisa-seria-quem-brincar-com-minha-mascara-vai-se-dar-mal-avisa-cervero\/#primaryimage"},"thumbnailUrl":"https:\/\/www.notibras.com\/site\/wp-content\/uploads\/2015\/01\/Cervero.jpg","datePublished":"2015-01-29T19:15:45+00:00","dateModified":"2015-01-29T20:02:16+00:00","breadcrumb":{"@id":"https:\/\/www.notibras.com\/site\/carnaval-e-coisa-seria-quem-brincar-com-minha-mascara-vai-se-dar-mal-avisa-cervero\/#breadcrumb"},"inLanguage":"pt-BR","potentialAction":[{"@type":"ReadAction","target":["https:\/\/www.notibras.com\/site\/carnaval-e-coisa-seria-quem-brincar-com-minha-mascara-vai-se-dar-mal-avisa-cervero\/"]}]},{"@type":"ImageObject","inLanguage":"pt-BR","@id":"https:\/\/www.notibras.com\/site\/carnaval-e-coisa-seria-quem-brincar-com-minha-mascara-vai-se-dar-mal-avisa-cervero\/#primaryimage","url":"https:\/\/www.notibras.com\/site\/wp-content\/uploads\/2015\/01\/Cervero.jpg","contentUrl":"https:\/\/www.notibras.com\/site\/wp-content\/uploads\/2015\/01\/Cervero.jpg","width":243,"height":207},{"@type":"BreadcrumbList","@id":"https:\/\/www.notibras.com\/site\/carnaval-e-coisa-seria-quem-brincar-com-minha-mascara-vai-se-dar-mal-avisa-cervero\/#breadcrumb","itemListElement":[{"@type":"ListItem","position":1,"name":"In\u00edcio","item":"https:\/\/www.notibras.com\/site\/"},{"@type":"ListItem","position":2,"name":"Carnaval \u00e9 coisa s\u00e9ria e uso de m\u00e1scara com a cara de Cerver\u00f3 pode parar na pol\u00edcia"}]},{"@type":"WebSite","@id":"https:\/\/www.notibras.com\/site\/#website","url":"https:\/\/www.notibras.com\/site\/","name":"Notibras","description":"Not\u00edcias de Bras\u00edlia, do Brasil e do Mundo","publisher":{"@id":"https:\/\/www.notibras.com\/site\/#organization"},"potentialAction":[{"@type":"SearchAction","target":{"@type":"EntryPoint","urlTemplate":"https:\/\/www.notibras.com\/site\/?s={search_term_string}"},"query-input":{"@type":"PropertyValueSpecification","valueRequired":true,"valueName":"search_term_string"}}],"inLanguage":"pt-BR"},{"@type":"Organization","@id":"https:\/\/www.notibras.com\/site\/#organization","name":"Grupo Notibras de Comunica\u00e7\u00e3o","url":"https:\/\/www.notibras.com\/site\/","logo":{"@type":"ImageObject","inLanguage":"pt-BR","@id":"https:\/\/www.notibras.com\/site\/#\/schema\/logo\/image\/","url":"https:\/\/www.notibras.com\/site\/wp-content\/uploads\/2023\/01\/notibras23.png","contentUrl":"https:\/\/www.notibras.com\/site\/wp-content\/uploads\/2023\/01\/notibras23.png","width":350,"height":87,"caption":"Grupo Notibras de Comunica\u00e7\u00e3o"},"image":{"@id":"https:\/\/www.notibras.com\/site\/#\/schema\/logo\/image\/"},"sameAs":["https:\/\/www.facebook.com\/notibras\/","https:\/\/x.com\/Notibras","https:\/\/www.instagram.com\/notibras\/"]},{"@type":"Person","@id":"https:\/\/www.notibras.com\/site\/#\/schema\/person\/36ab0979449956132d3e5b517ea76ac8","name":"Reda\u00e7\u00e3o","image":{"@type":"ImageObject","inLanguage":"pt-BR","@id":"https:\/\/secure.gravatar.com\/avatar\/e0a867bdedb85fd243eadf09663511f96fc81e0720a4a42581f334ad4303aa6b?s=96&d=mm&r=g","url":"https:\/\/secure.gravatar.com\/avatar\/e0a867bdedb85fd243eadf09663511f96fc81e0720a4a42581f334ad4303aa6b?s=96&d=mm&r=g","contentUrl":"https:\/\/secure.gravatar.com\/avatar\/e0a867bdedb85fd243eadf09663511f96fc81e0720a4a42581f334ad4303aa6b?s=96&d=mm&r=g","caption":"Reda\u00e7\u00e3o"}}]}},"amp_enabled":true,"_links":{"self":[{"href":"https:\/\/www.notibras.com\/site\/wp-json\/wp\/v2\/posts\/35352","targetHints":{"allow":["GET"]}}],"collection":[{"href":"https:\/\/www.notibras.com\/site\/wp-json\/wp\/v2\/posts"}],"about":[{"href":"https:\/\/www.notibras.com\/site\/wp-json\/wp\/v2\/types\/post"}],"author":[{"embeddable":true,"href":"https:\/\/www.notibras.com\/site\/wp-json\/wp\/v2\/users\/2"}],"replies":[{"embeddable":true,"href":"https:\/\/www.notibras.com\/site\/wp-json\/wp\/v2\/comments?post=35352"}],"version-history":[{"count":0,"href":"https:\/\/www.notibras.com\/site\/wp-json\/wp\/v2\/posts\/35352\/revisions"}],"wp:featuredmedia":[{"embeddable":true,"href":"https:\/\/www.notibras.com\/site\/wp-json\/wp\/v2\/media\/35353"}],"wp:attachment":[{"href":"https:\/\/www.notibras.com\/site\/wp-json\/wp\/v2\/media?parent=35352"}],"wp:term":[{"taxonomy":"category","embeddable":true,"href":"https:\/\/www.notibras.com\/site\/wp-json\/wp\/v2\/categories?post=35352"},{"taxonomy":"post_tag","embeddable":true,"href":"https:\/\/www.notibras.com\/site\/wp-json\/wp\/v2\/tags?post=35352"}],"curies":[{"name":"wp","href":"https:\/\/api.w.org\/{rel}","templated":true}]}}