{"id":353607,"date":"2025-05-09T08:15:46","date_gmt":"2025-05-09T11:15:46","guid":{"rendered":"https:\/\/www.notibras.com\/site\/?p=353607"},"modified":"2025-05-09T08:15:46","modified_gmt":"2025-05-09T11:15:46","slug":"cesta-basica-dispara-no-recife-mas-tres-capitais-seguram-as-pontas","status":"publish","type":"post","link":"https:\/\/www.notibras.com\/site\/cesta-basica-dispara-no-recife-mas-tres-capitais-seguram-as-pontas\/","title":{"rendered":"Cesta b\u00e1sica dispara no Recife, mas tr\u00eas capitais seguram as pontas"},"content":{"rendered":"<p>O pre\u00e7o da cesta b\u00e1sica de alimentos aumentou em 15 capitais do pa\u00eds no m\u00eas de abril, em compara\u00e7\u00e3o a mar\u00e7o. As principais eleva\u00e7\u00f5es ocorreram em Porto Alegre (5,3%), Recife (4%), Vit\u00f3ria (4%), e S\u00e3o Paulo (3,2%). Os dados, divulgados nesta quinta-feira (8), s\u00e3o do Departamento Intersindical de Estat\u00edstica e Estudos Socioecon\u00f4micos (Dieese), que pesquisa mensalmente o pre\u00e7o da cesta de alimentos em 17 capitais.<\/p>\n<p>S\u00e3o Paulo foi a capital onde o conjunto dos alimentos b\u00e1sicos apresentou o maior custo: R$ 909,25, seguida de Florian\u00f3polis (R$ 858,20), Rio de Janeiro (R$ 849,70) e Porto Alegre (R$ 834,22). Os menores valores foram registrados em Aracaju (R$ 579,93 ), Salvador (R$ 632,12), Jo\u00e3o Pessoa (R$ 641,57) e no Recife (R$ 652,71).<\/p>\n<p>Comparando o pre\u00e7o da cesta b\u00e1sica de abril de 2025 com a do mesmo m\u00eas de 2024, houve alta em 15 das 17 capitais pesquisadas, com varia\u00e7\u00f5es que oscilaram entre 3,92%, em Natal, e 10,5%, em S\u00e3o Paulo. As redu\u00e7\u00f5es foram observadas em Salvador (-1,25%) e Aracaju (-0,37%).<\/p>\n<p>No acumulado dos quatro primeiros meses do ano (de janeiro a abril), o custo aumentou em todas as cidades pesquisadas, com taxas que oscilaram entre 4,39%, em Bras\u00edlia, e 10,94%, no Recife.<\/p>\n<p>Com base na cesta mais cara que, em abril, foi a de S\u00e3o Paulo, e levando em considera\u00e7\u00e3o a determina\u00e7\u00e3o constitucional de que o sal\u00e1rio m\u00ednimo deveria ser suficiente para suprir as despesas de uma fam\u00edlia, de quatro pessoas, com alimenta\u00e7\u00e3o, moradia, sa\u00fade, educa\u00e7\u00e3o, vestu\u00e1rio, higiene, transporte, lazer e previd\u00eancia, o Dieese estimou que o valor do sal\u00e1rio m\u00ednimo necess\u00e1rio, no quarto m\u00eas do ano, deveria ter sido R$ 7.638,62 ou 5,03 vezes o m\u00ednimo de R$ 1.518.<\/p>\n<p><strong>Produtos<\/strong><br \/>\nEm abril de 2025, o pre\u00e7o do caf\u00e9 em p\u00f3 subiu em todas as cidades pesquisadas, com destaque para Vit\u00f3ria (alta de 15,5% em compara\u00e7\u00e3o a mar\u00e7o). A batata, pesquisada na regi\u00e3o Centro-Sul, aumentou em todas as cidades, com varia\u00e7\u00f5es entre 11%, em S\u00e3o Paulo, e 35%, em Porto Alegre.<\/p>\n<p>O pre\u00e7o do tomate teve eleva\u00e7\u00e3o no pre\u00e7o em 15 das 17 capitais pesquisadas em abril, em compara\u00e7\u00e3o ao m\u00eas anterior. As maiores taxas foram verificadas em Porto Alegre (51,9%) e Vit\u00f3ria (34,2%).<\/p>\n<p>O pre\u00e7o da carne bovina de primeira subiu em 11 capitais, com varia\u00e7\u00f5es entre 0,06%, em S\u00e3o Paulo, e 1,08%, em Florian\u00f3polis. Seis capitais apresentaram redu\u00e7\u00e3o nos pre\u00e7os, com destaque para Salvador (-2,81%). Em 12 meses, a carne apresentou eleva\u00e7\u00e3o em todas as cidades pesquisadas, sendo as maiores em Fortaleza (29,2%), Bras\u00edlia (29%) e S\u00e3o Paulo (28,6%).<\/p>\n","protected":false},"excerpt":{"rendered":"<p>O pre\u00e7o da cesta b\u00e1sica de alimentos aumentou em 15 capitais do pa\u00eds no m\u00eas de abril, em compara\u00e7\u00e3o a mar\u00e7o. As principais eleva\u00e7\u00f5es ocorreram em Porto Alegre (5,3%), Recife (4%), Vit\u00f3ria (4%), e S\u00e3o Paulo (3,2%). Os dados, divulgados nesta quinta-feira (8), s\u00e3o do Departamento Intersindical de Estat\u00edstica e Estudos Socioecon\u00f4micos (Dieese), que pesquisa [&hellip;]<\/p>\n","protected":false},"author":2,"featured_media":314237,"comment_status":"closed","ping_status":"closed","sticky":false,"template":"","format":"standard","meta":{"_acf_changed":false,"footnotes":""},"categories":[165],"tags":[],"class_list":["post-353607","post","type-post","status-publish","format-standard","has-post-thumbnail","hentry","category-nordeste"],"acf":[],"_links":{"self":[{"href":"https:\/\/www.notibras.com\/site\/wp-json\/wp\/v2\/posts\/353607","targetHints":{"allow":["GET"]}}],"collection":[{"href":"https:\/\/www.notibras.com\/site\/wp-json\/wp\/v2\/posts"}],"about":[{"href":"https:\/\/www.notibras.com\/site\/wp-json\/wp\/v2\/types\/post"}],"author":[{"embeddable":true,"href":"https:\/\/www.notibras.com\/site\/wp-json\/wp\/v2\/users\/2"}],"replies":[{"embeddable":true,"href":"https:\/\/www.notibras.com\/site\/wp-json\/wp\/v2\/comments?post=353607"}],"version-history":[{"count":1,"href":"https:\/\/www.notibras.com\/site\/wp-json\/wp\/v2\/posts\/353607\/revisions"}],"predecessor-version":[{"id":353608,"href":"https:\/\/www.notibras.com\/site\/wp-json\/wp\/v2\/posts\/353607\/revisions\/353608"}],"wp:featuredmedia":[{"embeddable":true,"href":"https:\/\/www.notibras.com\/site\/wp-json\/wp\/v2\/media\/314237"}],"wp:attachment":[{"href":"https:\/\/www.notibras.com\/site\/wp-json\/wp\/v2\/media?parent=353607"}],"wp:term":[{"taxonomy":"category","embeddable":true,"href":"https:\/\/www.notibras.com\/site\/wp-json\/wp\/v2\/categories?post=353607"},{"taxonomy":"post_tag","embeddable":true,"href":"https:\/\/www.notibras.com\/site\/wp-json\/wp\/v2\/tags?post=353607"}],"curies":[{"name":"wp","href":"https:\/\/api.w.org\/{rel}","templated":true}]}}