{"id":353650,"date":"2025-05-10T08:19:25","date_gmt":"2025-05-10T11:19:25","guid":{"rendered":"https:\/\/www.notibras.com\/site\/?p=353650"},"modified":"2025-05-10T08:19:25","modified_gmt":"2025-05-10T11:19:25","slug":"uma-historia-de-abandono-e-resiliencia-no-nordeste","status":"publish","type":"post","link":"https:\/\/www.notibras.com\/site\/uma-historia-de-abandono-e-resiliencia-no-nordeste\/","title":{"rendered":"Uma hist\u00f3ria de abandono e resili\u00eancia no Nordeste"},"content":{"rendered":"<p>No sert\u00e3o seco do Nordeste, onde o sol parece castigar mais do que aquecer, vivem crian\u00e7as que o mundo parece ter esquecido. Elas n\u00e3o aparecem nos livros de hist\u00f3ria nem nos relat\u00f3rios oficiais. Seus nomes n\u00e3o s\u00e3o mencionados nas salas de reuni\u00e3o, mas seus passos ecoam na poeira das estradas de terra, nas brincadeiras com bolas de meia e nas vozes que chamam por um futuro que nunca vem.<\/p>\n<p>Maria tem 9 anos e j\u00e1 sabe o peso de carregar \u00e1gua por quil\u00f4metros. Jo\u00e3o, com 7, cuida da ro\u00e7a ao lado do pai quando o pai n\u00e3o est\u00e1 doente. Ana, a mais pequena, observa o mundo com olhos grandes demais para um corpo t\u00e3o mi\u00fado. S\u00e3o crian\u00e7as de uma inf\u00e2ncia interrompida, moldada por priva\u00e7\u00f5es e sonhos adaptados \u00e0 realidade dura do semi\u00e1rido.<\/p>\n<p>O abandono n\u00e3o \u00e9 s\u00f3 a aus\u00eancia de pol\u00edticas p\u00fablicas. \u00c9 tamb\u00e9m o sil\u00eancio. A aus\u00eancia de oportunidades. A falta de escolas decentes, de merenda suficiente, de sa\u00fade que cure mais do que s\u00f3 alivia. \u00c9 como se essas crian\u00e7as tivessem nascido fora do mapa.<\/p>\n<p>Mas, mesmo no esquecimento, h\u00e1 uma centelha de resist\u00eancia. Elas riem. Inventam brinquedos com o que t\u00eam. Cantam cantigas antigas ensinadas pelas av\u00f3s. E continuam sonhando, ainda que em voz baixa. Porque no Nordeste, a terra pode ser seca, mas a esperan\u00e7a brota mesmo quando ningu\u00e9m rega.<\/p>\n<p>E quem v\u00ea essas crian\u00e7as pensa que s\u00e3o fr\u00e1geis. Mas s\u00e3o feitas de algo que a cidade grande n\u00e3o conhece: coragem costurada \u00e0 m\u00e3o, dia ap\u00f3s dia. E talvez, um dia, o mundo se lembre delas. Mas at\u00e9 l\u00e1, elas continuar\u00e3o resistindo \u2014 e crescendo \u2014 como s\u00f3 o povo nordestino sabe fazer.<\/p>\n","protected":false},"excerpt":{"rendered":"<p>No sert\u00e3o seco do Nordeste, onde o sol parece castigar mais do que aquecer, vivem crian\u00e7as que o mundo parece ter esquecido. Elas n\u00e3o aparecem nos livros de hist\u00f3ria nem nos relat\u00f3rios oficiais. Seus nomes n\u00e3o s\u00e3o mencionados nas salas de reuni\u00e3o, mas seus passos ecoam na poeira das estradas de terra, nas brincadeiras com [&hellip;]<\/p>\n","protected":false},"author":2,"featured_media":353651,"comment_status":"closed","ping_status":"closed","sticky":false,"template":"","format":"standard","meta":{"_acf_changed":false,"footnotes":""},"categories":[165],"tags":[],"class_list":["post-353650","post","type-post","status-publish","format-standard","has-post-thumbnail","hentry","category-nordeste"],"acf":[],"_links":{"self":[{"href":"https:\/\/www.notibras.com\/site\/wp-json\/wp\/v2\/posts\/353650","targetHints":{"allow":["GET"]}}],"collection":[{"href":"https:\/\/www.notibras.com\/site\/wp-json\/wp\/v2\/posts"}],"about":[{"href":"https:\/\/www.notibras.com\/site\/wp-json\/wp\/v2\/types\/post"}],"author":[{"embeddable":true,"href":"https:\/\/www.notibras.com\/site\/wp-json\/wp\/v2\/users\/2"}],"replies":[{"embeddable":true,"href":"https:\/\/www.notibras.com\/site\/wp-json\/wp\/v2\/comments?post=353650"}],"version-history":[{"count":1,"href":"https:\/\/www.notibras.com\/site\/wp-json\/wp\/v2\/posts\/353650\/revisions"}],"predecessor-version":[{"id":353652,"href":"https:\/\/www.notibras.com\/site\/wp-json\/wp\/v2\/posts\/353650\/revisions\/353652"}],"wp:featuredmedia":[{"embeddable":true,"href":"https:\/\/www.notibras.com\/site\/wp-json\/wp\/v2\/media\/353651"}],"wp:attachment":[{"href":"https:\/\/www.notibras.com\/site\/wp-json\/wp\/v2\/media?parent=353650"}],"wp:term":[{"taxonomy":"category","embeddable":true,"href":"https:\/\/www.notibras.com\/site\/wp-json\/wp\/v2\/categories?post=353650"},{"taxonomy":"post_tag","embeddable":true,"href":"https:\/\/www.notibras.com\/site\/wp-json\/wp\/v2\/tags?post=353650"}],"curies":[{"name":"wp","href":"https:\/\/api.w.org\/{rel}","templated":true}]}}