{"id":353656,"date":"2025-05-10T07:31:03","date_gmt":"2025-05-10T10:31:03","guid":{"rendered":"https:\/\/www.notibras.com\/site\/?p=353656"},"modified":"2025-05-10T08:33:12","modified_gmt":"2025-05-10T11:33:12","slug":"viagem-apresenta-um-mosaico-de-culturas-e-tradicoes-nordestinas","status":"publish","type":"post","link":"https:\/\/www.notibras.com\/site\/viagem-apresenta-um-mosaico-de-culturas-e-tradicoes-nordestinas\/","title":{"rendered":"Viagem apresenta um mosaico de culturas e tradi\u00e7\u00f5es nordestinas"},"content":{"rendered":"<p>O Nordeste \u00e9 uma terra onde o passado e o presente se entrela\u00e7am em uma tape\u00e7aria rica de cores, sons e sabores. Do sert\u00e3o \u00e1rido ao litoral vibrante, a regi\u00e3o \u00e9 um verdadeiro mosaico cultural, com tradi\u00e7\u00f5es que atravessam gera\u00e7\u00f5es e resistem ao tempo.<\/p>\n<p>No cora\u00e7\u00e3o da regi\u00e3o, o sert\u00e3o \u00e9 s\u00edmbolo de luta, f\u00e9 e poesia. A seca molda a paisagem e o modo de viver, mas n\u00e3o apaga a criatividade e a for\u00e7a do povo sertanejo. A literatura de cordel, o repente e as festas religiosas como a de Santo Ant\u00f4nio e S\u00e3o Jo\u00e3o traduzem a alma sertaneja em versos, dan\u00e7as e devo\u00e7\u00e3o.<\/p>\n<p>As figuras do vaqueiro e do cangaceiro ainda habitam o imagin\u00e1rio coletivo, representando bravura e identidade. A culin\u00e1ria sertaneja, marcada pela carne de sol, macaxeira e feij\u00e3o verde, \u00e9 mais do que alimento: \u00e9 heran\u00e7a e mem\u00f3ria afetiva.<\/p>\n<p>Seguindo em dire\u00e7\u00e3o \u00e0 costa, o cen\u00e1rio muda, mas a intensidade cultural permanece. As praias nordestinas, famosas por sua beleza, tamb\u00e9m s\u00e3o palcos de manifesta\u00e7\u00f5es populares ricas, como o maracatu, o frevo e o coco de roda. As festas de Iemanj\u00e1, as celebra\u00e7\u00f5es juninas e os carnavais fora de \u00e9poca mostram a mistura do sagrado com o profano, da tradi\u00e7\u00e3o com a modernidade.<\/p>\n<p>Nos mercados e feiras das cidades litor\u00e2neas, sabores e sotaques se misturam. O acaraj\u00e9, o vatap\u00e1 e a tapioca dividem espa\u00e7o com o peixe frito e o caldinho de sururu. Cada prato \u00e9 uma hist\u00f3ria contada com ingredientes locais e influ\u00eancias africanas, ind\u00edgenas e europeias.<\/p>\n<p>Embora o sert\u00e3o e o litoral tenham paisagens e costumes distintos, compartilham um esp\u00edrito comum: o orgulho de ser nordestino. Seja nas rendeiras do Cear\u00e1, nos mestres de capoeira da Bahia ou nos sanfoneiros de Pernambuco, a cultura nordestina pulsa viva, reinventando-se sem perder suas ra\u00edzes.<\/p>\n<p>A verdade \u00e9 que viajar do sert\u00e3o \u00e0 praia \u00e9 mais do que um deslocamento geogr\u00e1fico \u2014 \u00e9 uma jornada pelas muitas faces de um Nordeste plural. Um convite a conhecer e valorizar um Brasil profundo, aut\u00eantico e apaixonante.<\/p>\n","protected":false},"excerpt":{"rendered":"<p>O Nordeste \u00e9 uma terra onde o passado e o presente se entrela\u00e7am em uma tape\u00e7aria rica de cores, sons e sabores. Do sert\u00e3o \u00e1rido ao litoral vibrante, a regi\u00e3o \u00e9 um verdadeiro mosaico cultural, com tradi\u00e7\u00f5es que atravessam gera\u00e7\u00f5es e resistem ao tempo. No cora\u00e7\u00e3o da regi\u00e3o, o sert\u00e3o \u00e9 s\u00edmbolo de luta, f\u00e9 [&hellip;]<\/p>\n","protected":false},"author":2,"featured_media":353657,"comment_status":"closed","ping_status":"closed","sticky":false,"template":"","format":"standard","meta":{"_acf_changed":false,"footnotes":""},"categories":[165],"tags":[],"class_list":["post-353656","post","type-post","status-publish","format-standard","has-post-thumbnail","hentry","category-nordeste"],"acf":[],"_links":{"self":[{"href":"https:\/\/www.notibras.com\/site\/wp-json\/wp\/v2\/posts\/353656","targetHints":{"allow":["GET"]}}],"collection":[{"href":"https:\/\/www.notibras.com\/site\/wp-json\/wp\/v2\/posts"}],"about":[{"href":"https:\/\/www.notibras.com\/site\/wp-json\/wp\/v2\/types\/post"}],"author":[{"embeddable":true,"href":"https:\/\/www.notibras.com\/site\/wp-json\/wp\/v2\/users\/2"}],"replies":[{"embeddable":true,"href":"https:\/\/www.notibras.com\/site\/wp-json\/wp\/v2\/comments?post=353656"}],"version-history":[{"count":1,"href":"https:\/\/www.notibras.com\/site\/wp-json\/wp\/v2\/posts\/353656\/revisions"}],"predecessor-version":[{"id":353658,"href":"https:\/\/www.notibras.com\/site\/wp-json\/wp\/v2\/posts\/353656\/revisions\/353658"}],"wp:featuredmedia":[{"embeddable":true,"href":"https:\/\/www.notibras.com\/site\/wp-json\/wp\/v2\/media\/353657"}],"wp:attachment":[{"href":"https:\/\/www.notibras.com\/site\/wp-json\/wp\/v2\/media?parent=353656"}],"wp:term":[{"taxonomy":"category","embeddable":true,"href":"https:\/\/www.notibras.com\/site\/wp-json\/wp\/v2\/categories?post=353656"},{"taxonomy":"post_tag","embeddable":true,"href":"https:\/\/www.notibras.com\/site\/wp-json\/wp\/v2\/tags?post=353656"}],"curies":[{"name":"wp","href":"https:\/\/api.w.org\/{rel}","templated":true}]}}