{"id":353695,"date":"2025-05-11T05:01:13","date_gmt":"2025-05-11T08:01:13","guid":{"rendered":"https:\/\/www.notibras.com\/site\/?p=353695"},"modified":"2025-05-11T05:01:13","modified_gmt":"2025-05-11T08:01:13","slug":"ernesto-surge-do-nada-e-desaparece-apos-as-pedaladas-de-bela-morena","status":"publish","type":"post","link":"https:\/\/www.notibras.com\/site\/ernesto-surge-do-nada-e-desaparece-apos-as-pedaladas-de-bela-morena\/","title":{"rendered":"Ernesto surge do nada e desaparece ap\u00f3s as pedaladas de bela morena"},"content":{"rendered":"<p>Nunca soube detalhes sobre Ernesto, sujeito mais alto do que a m\u00e9dia, forte sem ser parrudo, olhar de quem parece ter a capacidade de desvendar todos os nossos segredos. Morava na rua onde cresci e, toda vez que estacionava seu velho autom\u00f3vel vermelho em frente \u00e0 sua casa, ficava em p\u00e9, como se observando se algu\u00e9m o havia seguido. Isso, ali\u00e1s, foi mote para in\u00fameras suposi\u00e7\u00f5es sobre a sua profiss\u00e3o.<\/p>\n<p>Seria policial? Espi\u00e3o? Detetive particular? De todas as supostas ocupa\u00e7\u00f5es do nosso vizinho, a que mais me agradava era a de fora da lei. Mas n\u00e3o um simples bandido. Nada me tirava da cabe\u00e7a que Ernesto era, na verdade, um g\u00e2ngster.<\/p>\n<p>Enquanto brinc\u00e1vamos na rua, seja de pique-pega, pique-esconde ou correndo atr\u00e1s de uma bola, evit\u00e1vamos chegar pr\u00f3ximo \u00e0 casa do Ernesto. N\u00e3o que ele tenha sido alguma vez rude conosco, mas sempre mantinha um sorriso de Mona Lisa, o que nos causava medo. Rabugento mesmo era o portugu\u00eas da \u00faltima resid\u00eancia da rua, marido da dona Od\u00e1lia.<\/p>\n<p>Jorge Paulo, apesar de calado quase sempre, quando estourava, n\u00e3o havia quem segurasse aquele mau humor. E n\u00e3o adiantavam as lam\u00farias da esposa, que chegava \u00e0s \u00faltimas consequ\u00eancias para n\u00e3o deixar o esposo tomar uma atitude mais dr\u00e1stica.<\/p>\n<p>\u2014 Calma, Jorge Paulo, que n\u00e3o vale a pena brigar por besteira.<\/p>\n<p>\u2014 Besteira? Od\u00e1lia, esses pirralhos n\u00e3o param de tocar a nossa campainha e fugir.<\/p>\n<p>\u2014 S\u00e3o crian\u00e7as, meu bem. S\u00f3 crian\u00e7as.<\/p>\n<p>\u2014 S\u00e3o dem\u00f4nios!<\/p>\n<p>\u2014 Jorge Paulo, por favor! Ou voc\u00ea entra ou vou pra casa da mam\u00e3e!<\/p>\n<p>Sem melhor alternativa diante do ultimato, o brab\u00e3o tratava de abaixar o facho e retornar mansinho para o lar, doce lar.<\/p>\n<p>Ao contr\u00e1rio do portugu\u00eas, Ernesto n\u00e3o possu\u00eda esposa. Se era vi\u00favo, desquitado ou solteir\u00e3o convicto, nunca soubemos. Namorada? Bem, talvez tenha tido uma ou outra, mas tal d\u00favida \u00e9 plaus\u00edvel, pois, apesar de algumas visitas femininas recebidas, jamais foi visto de m\u00e3os dadas ou aos beijos com nem sequer uma delas. Pode ser que ele fosse um t\u00edmido contumaz. Sei l\u00e1!<\/p>\n<p>Fofocas \u00e0 parte, o que aconteceu em um final de tarde de 1978 chamou a aten\u00e7\u00e3o de todos que est\u00e1vamos na rua. Uma jovem, n\u00e3o mais de 20 anos, surgiu de bicicleta e parou ao lado do ve\u00edculo vermelho do Ernesto. Os dois se olharam e, sem dizer palavras, entraram no carro e partiram.<\/p>\n<p>Nunca mais tivemos not\u00edcias do nosso vizinho. Quanto \u00e0 bicicleta, ficou l\u00e1 jogada no ch\u00e3o. N\u00e3o sei que fim levou, mesmo porque, no dia seguinte, ela n\u00e3o estava mais l\u00e1. Quem sabe algu\u00e9m a tenha furtado?<\/p>\n<p>&#8230;&#8230;&#8230;&#8230;&#8230;&#8230;&#8230;&#8230;&#8230;<\/p>\n<p><strong>Eduardo Mart\u00ednez \u00e9 autor do livro 57 Contos e Cr\u00f4nicas por um Autor Muito Velho\u2019<\/strong><\/p>\n<p>Compre aqui\u00a0<span class=\"x19la9d6 x1fc57z9 x6ikm8r x10wlt62 x19co3pv x1g5zs5t xfibh0p xiy17q3 x1xsqp64 x1lkfr7t xexx8yu x4uap5 x18d9i69 xkhd6sd\"><span class=\"xrtxmta x1bhl96m\"><img decoding=\"async\" class=\"emoji\" role=\"img\" draggable=\"false\" src=\"https:\/\/s.w.org\/images\/core\/emoji\/15.0.3\/svg\/1f447-1f3ff.svg\" alt=\"&#x1f447;&#x1f3ff;\" \/><\/span><\/span><\/p>\n<p><a href=\"https:\/\/www.joanineditora.com.br\/57-contos-e-cronicas-por-um-autor-muito-velho\">https:\/\/www.joanineditora.com.br\/57-contos-e-cronicas-por-um-autor-muito-velho<\/a><\/p>\n","protected":false},"excerpt":{"rendered":"<p>Nunca soube detalhes sobre Ernesto, sujeito mais alto do que a m\u00e9dia, forte sem ser parrudo, olhar de quem parece ter a capacidade de desvendar todos os nossos segredos. Morava na rua onde cresci e, toda vez que estacionava seu velho autom\u00f3vel vermelho em frente \u00e0 sua casa, ficava em p\u00e9, como se observando se [&hellip;]<\/p>\n","protected":false},"author":2,"featured_media":353696,"comment_status":"closed","ping_status":"closed","sticky":false,"template":"","format":"standard","meta":{"_acf_changed":false,"footnotes":""},"categories":[161],"tags":[],"class_list":["post-353695","post","type-post","status-publish","format-standard","has-post-thumbnail","hentry","category-quadradinho-em-foco"],"acf":[],"_links":{"self":[{"href":"https:\/\/www.notibras.com\/site\/wp-json\/wp\/v2\/posts\/353695","targetHints":{"allow":["GET"]}}],"collection":[{"href":"https:\/\/www.notibras.com\/site\/wp-json\/wp\/v2\/posts"}],"about":[{"href":"https:\/\/www.notibras.com\/site\/wp-json\/wp\/v2\/types\/post"}],"author":[{"embeddable":true,"href":"https:\/\/www.notibras.com\/site\/wp-json\/wp\/v2\/users\/2"}],"replies":[{"embeddable":true,"href":"https:\/\/www.notibras.com\/site\/wp-json\/wp\/v2\/comments?post=353695"}],"version-history":[{"count":1,"href":"https:\/\/www.notibras.com\/site\/wp-json\/wp\/v2\/posts\/353695\/revisions"}],"predecessor-version":[{"id":353697,"href":"https:\/\/www.notibras.com\/site\/wp-json\/wp\/v2\/posts\/353695\/revisions\/353697"}],"wp:featuredmedia":[{"embeddable":true,"href":"https:\/\/www.notibras.com\/site\/wp-json\/wp\/v2\/media\/353696"}],"wp:attachment":[{"href":"https:\/\/www.notibras.com\/site\/wp-json\/wp\/v2\/media?parent=353695"}],"wp:term":[{"taxonomy":"category","embeddable":true,"href":"https:\/\/www.notibras.com\/site\/wp-json\/wp\/v2\/categories?post=353695"},{"taxonomy":"post_tag","embeddable":true,"href":"https:\/\/www.notibras.com\/site\/wp-json\/wp\/v2\/tags?post=353695"}],"curies":[{"name":"wp","href":"https:\/\/api.w.org\/{rel}","templated":true}]}}