{"id":353722,"date":"2025-05-12T04:54:30","date_gmt":"2025-05-12T07:54:30","guid":{"rendered":"https:\/\/www.notibras.com\/site\/?p=353722"},"modified":"2025-05-12T04:54:30","modified_gmt":"2025-05-12T07:54:30","slug":"devaneios-de-um-velho-e-a-obsessao-por-cabelos-e-olhos-de-uma-menina-moca","status":"publish","type":"post","link":"https:\/\/www.notibras.com\/site\/devaneios-de-um-velho-e-a-obsessao-por-cabelos-e-olhos-de-uma-menina-moca\/","title":{"rendered":"Devaneios de um velho e a obsess\u00e3o por cabelos e olhos de uma menina-mo\u00e7a"},"content":{"rendered":"<p>Assim que entrei no \u00f4nibus, busquei um canto naquela multid\u00e3o que se espremia, como se todos f\u00f4ssemos sardinhas enlatadas. H\u00e1 anos n\u00e3o andava de transporte p\u00fablico, o que me reportou aos meus tempos de parcos recursos. Seja como for, encarei aquilo como uma aventura.<\/p>\n<p>Notei uma garota, talvez com seus no m\u00e1ximo 20 anos, em p\u00e9 quase de costas para mim. Ela se destacava por seus cabelos pintados de amarelo com pontas azuis. Olhava na dire\u00e7\u00e3o das janelas, como se buscasse conforto fora dali. De vez em quando, ela virava o rosto, o que me causou d\u00favida em rela\u00e7\u00e3o \u00e0 cor dos seus olhos. Seriam azuis, verdes ou castanhos claros? Com receio de ser descoberto, fingi olhar para a paisagem atrav\u00e9s dos vidros, mas tentando vislumbrar aquele rosto refletido.<\/p>\n<p>N\u00e3o consegui decifrar o mist\u00e9rio. N\u00e3o importa, a mo\u00e7a trajava uma bela jaqueta jeans de cor incomum. Rosa. Ou seria lil\u00e1s? Nunca fui bom em definir tonalidades distintas. Minha mulher, por exemplo, cisma que um certo azul, que ela chama de verde-\u00e1gua, \u00e9 verde. Como assim?<\/p>\n<p>Como a viagem foi longa, e a jovem misteriosa desceu logo adiante, meu pensamento se voltou para o sil\u00eancio dentro do coletivo. Nem mesmo um sussurro. Sorrisos, ent\u00e3o, nem pensar. Talvez faltassem for\u00e7as para aquelas pessoas ou, ent\u00e3o, todos haviam deixado em algum ponto da exist\u00eancia a vontade de viver.<\/p>\n<p>Minha m\u00e3e me falava para sorrir sempre, principalmente quando a vida nos empurra para o choro. O que diriam aqueles passageiros sobre o pensamento de mam\u00e3e? Ser\u00e1 que sorririam, mesmo que de desd\u00e9m? Ao menos, seria um riso e, creio eu, confirmaria o que ela me dizia: &#8220;Carlinhos, o sorriso liberta!&#8221;<\/p>\n<p>Ser\u00e1 que fui notado naquele \u00f4nibus? Ser\u00e1 que algu\u00e9m se deu ao trabalho de observar um velho beirando os 70 anos, ligeiramente acima do peso, calvo e de \u00f3culos de grau? Ser\u00e1 que tal curioso tentou desvendar o que estaria por detr\u00e1s dos meus resilientes cabelos brancos? Ou seria uma curiosa? Mulheres quase sempre s\u00e3o mais perspicazes e conseguem adivinhar o recheio do bolo ou de qualquer salgado s\u00f3 de olhar.<\/p>\n<p>Quando j\u00e1 me sentia adaptado \u00e0quele aperto, eis que o meu ponto chegou. Desci os degraus e pisei na cal\u00e7ada, como se estivesse aterrissando de volta ao meu mundo. Caminhei por alguns minutos e, antes de entrar na portaria do meu pr\u00e9dio, olhei para tr\u00e1s e sorri, como se desejando voltar \u00e0quele \u00f4nibus. Quem sabe eu encontre novamente a mo\u00e7a de cabelos tingidos e, finalmente, descubra a cor dos seus olhos?<\/p>\n<p>&#8230;&#8230;&#8230;&#8230;&#8230;&#8230;&#8230;&#8230;..<\/p>\n<p><strong>Eduardo Mart\u00ednez \u00e9 autor do livro 57 Contos e Cr\u00f4nicas por um Autor Muito Velho\u2019<\/strong><\/p>\n<p>Compre aqui\u00a0<span class=\"x19la9d6 x1fc57z9 x6ikm8r x10wlt62 x19co3pv x1g5zs5t xfibh0p xiy17q3 x1xsqp64 x1lkfr7t xexx8yu x4uap5 x18d9i69 xkhd6sd\"><span class=\"xrtxmta x1bhl96m\"><img decoding=\"async\" class=\"emoji\" role=\"img\" draggable=\"false\" src=\"https:\/\/s.w.org\/images\/core\/emoji\/15.0.3\/svg\/1f447-1f3ff.svg\" alt=\"&#x1f447;&#x1f3ff;\" \/><\/span><\/span><\/p>\n<p><a href=\"https:\/\/www.joanineditora.com.br\/57-contos-e-cronicas-por-um-autor-muito-velho\">https:\/\/www.joanineditora.com.br\/57-contos-e-cronicas-por-um-autor-muito-velho<\/a><\/p>\n","protected":false},"excerpt":{"rendered":"<p>Assim que entrei no \u00f4nibus, busquei um canto naquela multid\u00e3o que se espremia, como se todos f\u00f4ssemos sardinhas enlatadas. H\u00e1 anos n\u00e3o andava de transporte p\u00fablico, o que me reportou aos meus tempos de parcos recursos. Seja como for, encarei aquilo como uma aventura. Notei uma garota, talvez com seus no m\u00e1ximo 20 anos, em [&hellip;]<\/p>\n","protected":false},"author":2,"featured_media":353723,"comment_status":"closed","ping_status":"closed","sticky":false,"template":"","format":"standard","meta":{"_acf_changed":false,"footnotes":""},"categories":[161],"tags":[],"class_list":["post-353722","post","type-post","status-publish","format-standard","has-post-thumbnail","hentry","category-quadradinho-em-foco"],"acf":[],"_links":{"self":[{"href":"https:\/\/www.notibras.com\/site\/wp-json\/wp\/v2\/posts\/353722","targetHints":{"allow":["GET"]}}],"collection":[{"href":"https:\/\/www.notibras.com\/site\/wp-json\/wp\/v2\/posts"}],"about":[{"href":"https:\/\/www.notibras.com\/site\/wp-json\/wp\/v2\/types\/post"}],"author":[{"embeddable":true,"href":"https:\/\/www.notibras.com\/site\/wp-json\/wp\/v2\/users\/2"}],"replies":[{"embeddable":true,"href":"https:\/\/www.notibras.com\/site\/wp-json\/wp\/v2\/comments?post=353722"}],"version-history":[{"count":1,"href":"https:\/\/www.notibras.com\/site\/wp-json\/wp\/v2\/posts\/353722\/revisions"}],"predecessor-version":[{"id":353724,"href":"https:\/\/www.notibras.com\/site\/wp-json\/wp\/v2\/posts\/353722\/revisions\/353724"}],"wp:featuredmedia":[{"embeddable":true,"href":"https:\/\/www.notibras.com\/site\/wp-json\/wp\/v2\/media\/353723"}],"wp:attachment":[{"href":"https:\/\/www.notibras.com\/site\/wp-json\/wp\/v2\/media?parent=353722"}],"wp:term":[{"taxonomy":"category","embeddable":true,"href":"https:\/\/www.notibras.com\/site\/wp-json\/wp\/v2\/categories?post=353722"},{"taxonomy":"post_tag","embeddable":true,"href":"https:\/\/www.notibras.com\/site\/wp-json\/wp\/v2\/tags?post=353722"}],"curies":[{"name":"wp","href":"https:\/\/api.w.org\/{rel}","templated":true}]}}