{"id":353734,"date":"2025-05-12T00:00:28","date_gmt":"2025-05-12T03:00:28","guid":{"rendered":"https:\/\/www.notibras.com\/site\/?p=353734"},"modified":"2025-05-12T05:46:33","modified_gmt":"2025-05-12T08:46:33","slug":"samu-tera-mais-cinco-novas-bases-no-distrito-federal","status":"publish","type":"post","link":"https:\/\/www.notibras.com\/site\/samu-tera-mais-cinco-novas-bases-no-distrito-federal\/","title":{"rendered":"Samu ter\u00e1 mais cinco novas bases no Distrito Federal"},"content":{"rendered":"<p>O projeto de amplia\u00e7\u00e3o e moderniza\u00e7\u00e3o das bases descentralizadas do Servi\u00e7o de Atendimento M\u00f3vel de Urg\u00eancia do Distrito Federal (Samu) est\u00e1 dando mais um passo. A descentraliza\u00e7\u00e3o do or\u00e7amento permitir\u00e1 \u00e0 Novacap construir cinco novas bases. A expectativa \u00e9 de que o processo licitat\u00f3rio ocorra at\u00e9 julho de 2025, com in\u00edcio imediato das obras.<\/p>\n<p>Iniciado em 2016, o projeto tem como meta construir e reestruturar 12 bases em todo o DF para melhorar a cobertura territorial e qualificar ainda mais os servi\u00e7os de urg\u00eancia prestados \u00e0 popula\u00e7\u00e3o. As cinco bases que tiveram os recursos destinados est\u00e3o localizadas nas regi\u00f5es de Sobradinho, Riacho Fundo II, Plano Piloto, Ceil\u00e2ndia e Guar\u00e1.<\/p>\n<p>\u201cA proposta enfrentou diversos desafios ao longo dos anos, incluindo mudan\u00e7as nas normas t\u00e9cnicas, especialmente no per\u00edodo p\u00f3s-pandemia e a necessidade de revis\u00e3o da forma de contrata\u00e7\u00e3o das obras\u201d, afirmou o diretor do servi\u00e7o do DF, Victor Arimatea. Por\u00e9m, com o cronograma retomado, a previs\u00e3o de in\u00edcio das obras \u00e9 para este ano, por meio de recursos federais e da Secretaria de Sa\u00fade.<\/p>\n<p>\u201cAl\u00e9m da amplia\u00e7\u00e3o da cobertura, a reestrutura\u00e7\u00e3o das bases do Samu busca tamb\u00e9m atender aos crit\u00e9rios de qualifica\u00e7\u00e3o exigidos pelo Minist\u00e9rio da Sa\u00fade, permitindo o credenciamento da rede em n\u00edveis mais elevados e acesso a novos repasses federais\u201d, completou.<\/p>\n","protected":false},"excerpt":{"rendered":"<p>O projeto de amplia\u00e7\u00e3o e moderniza\u00e7\u00e3o das bases descentralizadas do Servi\u00e7o de Atendimento M\u00f3vel de Urg\u00eancia do Distrito Federal (Samu) est\u00e1 dando mais um passo. A descentraliza\u00e7\u00e3o do or\u00e7amento permitir\u00e1 \u00e0 Novacap construir cinco novas bases. A expectativa \u00e9 de que o processo licitat\u00f3rio ocorra at\u00e9 julho de 2025, com in\u00edcio imediato das obras. Iniciado [&hellip;]<\/p>\n","protected":false},"author":2,"featured_media":353735,"comment_status":"closed","ping_status":"closed","sticky":false,"template":"","format":"standard","meta":{"_acf_changed":false,"footnotes":""},"categories":[161],"tags":[],"class_list":["post-353734","post","type-post","status-publish","format-standard","has-post-thumbnail","hentry","category-quadradinho-em-foco"],"acf":[],"_links":{"self":[{"href":"https:\/\/www.notibras.com\/site\/wp-json\/wp\/v2\/posts\/353734","targetHints":{"allow":["GET"]}}],"collection":[{"href":"https:\/\/www.notibras.com\/site\/wp-json\/wp\/v2\/posts"}],"about":[{"href":"https:\/\/www.notibras.com\/site\/wp-json\/wp\/v2\/types\/post"}],"author":[{"embeddable":true,"href":"https:\/\/www.notibras.com\/site\/wp-json\/wp\/v2\/users\/2"}],"replies":[{"embeddable":true,"href":"https:\/\/www.notibras.com\/site\/wp-json\/wp\/v2\/comments?post=353734"}],"version-history":[{"count":1,"href":"https:\/\/www.notibras.com\/site\/wp-json\/wp\/v2\/posts\/353734\/revisions"}],"predecessor-version":[{"id":353736,"href":"https:\/\/www.notibras.com\/site\/wp-json\/wp\/v2\/posts\/353734\/revisions\/353736"}],"wp:featuredmedia":[{"embeddable":true,"href":"https:\/\/www.notibras.com\/site\/wp-json\/wp\/v2\/media\/353735"}],"wp:attachment":[{"href":"https:\/\/www.notibras.com\/site\/wp-json\/wp\/v2\/media?parent=353734"}],"wp:term":[{"taxonomy":"category","embeddable":true,"href":"https:\/\/www.notibras.com\/site\/wp-json\/wp\/v2\/categories?post=353734"},{"taxonomy":"post_tag","embeddable":true,"href":"https:\/\/www.notibras.com\/site\/wp-json\/wp\/v2\/tags?post=353734"}],"curies":[{"name":"wp","href":"https:\/\/api.w.org\/{rel}","templated":true}]}}