{"id":353745,"date":"2025-05-12T00:33:06","date_gmt":"2025-05-12T03:33:06","guid":{"rendered":"https:\/\/www.notibras.com\/site\/?p=353745"},"modified":"2025-05-12T07:36:16","modified_gmt":"2025-05-12T10:36:16","slug":"torcida-do-leao-pressiona-diretoria-com-medo-de-voltar-a-serie-b","status":"publish","type":"post","link":"https:\/\/www.notibras.com\/site\/torcida-do-leao-pressiona-diretoria-com-medo-de-voltar-a-serie-b\/","title":{"rendered":"Torcida do Le\u00e3o pressiona diretoria com medo de voltar \u00e0 S\u00e9rie B"},"content":{"rendered":"<p>Na Ilha do Retiro, onde o calor \u00e9 inclemente e a paix\u00e3o \u00e9 uma doen\u00e7a heredit\u00e1ria, a paci\u00eancia da torcida rubro-negra est\u00e1 derretendo mais r\u00e1pido que picol\u00e9 no asfalto da Av. Abdias de Carvalho. O Sport Clube do Recife, esse velho e temperamental senhor do futebol nordestino, parece ter esquecido o caminho da vit\u00f3ria e anda trope\u00e7ando nas pr\u00f3prias chuteiras como um debutante em baile de gala.<\/p>\n<p>O time perdeu de novo. E de novo. E de novo. J\u00e1 n\u00e3o se sabe se \u00e9 azar, zica, mau-olhado ou apenas futebol mesmo. A verdade \u00e9 que, a cada rodada, a S\u00e9rie B aparece no retrovisor com um sorriso sarc\u00e1stico, como quem diz: &#8220;Saudade, nen\u00e9m?&#8221;<\/p>\n<p>A torcida, que nunca foi de ficar calada, decidiu agir. Entre um &#8220;Ei, diretoria, vai tomar&#8230;&#8221; e outro coro mais criativo, come\u00e7ou a pressionar com a diplomacia t\u00edpica da arquibancada: faixas, protestos no aeroporto, v\u00eddeos indignados no Instagram e at\u00e9 carrinhos de m\u00e3o simb\u00f3licos oferecidos aos jogadores como sugest\u00e3o de transporte at\u00e9 a sa\u00edda do clube.<\/p>\n<p>\u2014 A gente j\u00e1 viu esse filme antes \u2014 grita um torcedor, com a camisa de 1987 esgar\u00e7ada no peito e uma express\u00e3o entre o cansa\u00e7o e o desespero \u2014 e o final \u00e9 sempre em preto e branco com gol do Oper\u00e1rio no apagar das luzes.<\/p>\n<p>A diretoria, por sua vez, tenta manter a compostura. Em entrevistas, fala em \u201creconstru\u00e7\u00e3o\u201d, \u201cmomento de turbul\u00eancia\u201d, \u201cprocesso natural\u201d \u2014 express\u00f5es que, traduzidas para o idioma da arquibancada, significam: n\u00e3o sabemos o que fazer, mas estamos fingindo bem.<\/p>\n<p>Enquanto isso, os jogadores treinam em sil\u00eancio, cercados por olhares mais cortantes que esporro de t\u00e9cnico em vesti\u00e1rio. O t\u00e9cnico, coitado, j\u00e1 ensaia a justificativa padr\u00e3o: \u201co grupo \u00e9 bom, mas precisa de tempo\u201d \u2014 mesmo que o tempo, neste momento, seja artigo de luxo.<\/p>\n<p>A Ilha do Retiro, outrora fortaleza inexpugn\u00e1vel, virou terra de nervos. At\u00e9 os vendedores de amendoim est\u00e3o mais agressivos. E o medo da S\u00e9rie B, esse velho conhecido, ronda como fantasma de temporada passada.<\/p>\n<p>Mas \u00e9 bom lembrar: o torcedor do Sport, entre um surto e outro, \u00e9 feito de teimosia. Pode vaiar, xingar, amea\u00e7ar acampar na sede, mas n\u00e3o larga o osso. O Sport \u00e9 v\u00edcio, \u00e9 f\u00e9, \u00e9 karma. E, enquanto houver uma chance matem\u00e1tica, uma fa\u00edsca de esperan\u00e7a e uma arbitragem duvidosa, a torcida vai continuar ali \u2014 empurrando, cobrando, sofrendo \u2014 como quem ama demais e, por isso mesmo, grita.<\/p>\n<p>Porque ser torcedor do Sport n\u00e3o \u00e9 para amadores. \u00c9 para os fortes de cora\u00e7\u00e3o&#8230; e fracos de sorte.<\/p>\n","protected":false},"excerpt":{"rendered":"<p>Na Ilha do Retiro, onde o calor \u00e9 inclemente e a paix\u00e3o \u00e9 uma doen\u00e7a heredit\u00e1ria, a paci\u00eancia da torcida rubro-negra est\u00e1 derretendo mais r\u00e1pido que picol\u00e9 no asfalto da Av. Abdias de Carvalho. O Sport Clube do Recife, esse velho e temperamental senhor do futebol nordestino, parece ter esquecido o caminho da vit\u00f3ria e [&hellip;]<\/p>\n","protected":false},"author":2,"featured_media":353746,"comment_status":"closed","ping_status":"closed","sticky":false,"template":"","format":"standard","meta":{"_acf_changed":false,"footnotes":""},"categories":[165],"tags":[],"class_list":["post-353745","post","type-post","status-publish","format-standard","has-post-thumbnail","hentry","category-nordeste"],"acf":[],"_links":{"self":[{"href":"https:\/\/www.notibras.com\/site\/wp-json\/wp\/v2\/posts\/353745","targetHints":{"allow":["GET"]}}],"collection":[{"href":"https:\/\/www.notibras.com\/site\/wp-json\/wp\/v2\/posts"}],"about":[{"href":"https:\/\/www.notibras.com\/site\/wp-json\/wp\/v2\/types\/post"}],"author":[{"embeddable":true,"href":"https:\/\/www.notibras.com\/site\/wp-json\/wp\/v2\/users\/2"}],"replies":[{"embeddable":true,"href":"https:\/\/www.notibras.com\/site\/wp-json\/wp\/v2\/comments?post=353745"}],"version-history":[{"count":1,"href":"https:\/\/www.notibras.com\/site\/wp-json\/wp\/v2\/posts\/353745\/revisions"}],"predecessor-version":[{"id":353747,"href":"https:\/\/www.notibras.com\/site\/wp-json\/wp\/v2\/posts\/353745\/revisions\/353747"}],"wp:featuredmedia":[{"embeddable":true,"href":"https:\/\/www.notibras.com\/site\/wp-json\/wp\/v2\/media\/353746"}],"wp:attachment":[{"href":"https:\/\/www.notibras.com\/site\/wp-json\/wp\/v2\/media?parent=353745"}],"wp:term":[{"taxonomy":"category","embeddable":true,"href":"https:\/\/www.notibras.com\/site\/wp-json\/wp\/v2\/categories?post=353745"},{"taxonomy":"post_tag","embeddable":true,"href":"https:\/\/www.notibras.com\/site\/wp-json\/wp\/v2\/tags?post=353745"}],"curies":[{"name":"wp","href":"https:\/\/api.w.org\/{rel}","templated":true}]}}