{"id":353792,"date":"2025-05-13T00:01:02","date_gmt":"2025-05-13T03:01:02","guid":{"rendered":"https:\/\/www.notibras.com\/site\/?p=353792"},"modified":"2025-05-13T06:18:27","modified_gmt":"2025-05-13T09:18:27","slug":"preso-em-casa-collor-perde-passaporte-diplomatico","status":"publish","type":"post","link":"https:\/\/www.notibras.com\/site\/preso-em-casa-collor-perde-passaporte-diplomatico\/","title":{"rendered":"Preso em casa, Collor perde passaporte diplom\u00e1tico"},"content":{"rendered":"<p>O ministro Alexandre de Moraes, do Supremo Tribunal Federal (STF), determinou nesta segunda-feira (12) a apreens\u00e3o do passaporte diplom\u00e1tico do ex-presidente Fernando Collor.<\/p>\n<p>Na mesma decis\u00e3o, o ministro proibiu o ex-presidente de sair do pa\u00eds. Collor cumpre pris\u00e3o domiciliar em Macei\u00f3. As medidas foram determinadas a pedido da Pol\u00edcia Federal (PF).<\/p>\n<p>No m\u00eas passado, Moraes determinou a pris\u00e3o do ex-presidente para dar in\u00edcio ao cumprimento da pena de 8 anos e 10 meses de reclus\u00e3o por corrup\u00e7\u00e3o passiva e lavagem de dinheiro em um dos processos da Opera\u00e7\u00e3o Lava Jato.<\/p>\n<p>Contudo, uma semana depois, Collor ganhou o direito de cumprir a pena em casa ap\u00f3s a defesa informar que o ex-presidente, de 75 anos, tem diversas comorbidades, como doen\u00e7a de Parkinson, apneia do sono grave e transtorno afetivo bipolar.<\/p>\n<p>Em 2023, Collor foi condenado pelo STF. Conforme a condena\u00e7\u00e3o, o ex-presidente e ex-senador, como antigo dirigente do PTB, foi respons\u00e1vel por indica\u00e7\u00f5es pol\u00edticas para a BR Distribuidora, empresa subsidi\u00e1ria da Petrobras, e recebeu R$ 20 milh\u00f5es em vantagens indevidas em contratos da empresa. Segundo a den\u00fancia, os crimes ocorreram entre 2010 e 2014.<\/p>\n<p>Ao determinar a pris\u00e3o, Moraes entendeu que os recursos da defesa de Collor para derrubar a condena\u00e7\u00e3o s\u00e3o protelat\u00f3rios para evitar a condena\u00e7\u00e3o. A decis\u00e3o tamb\u00e9m foi confirmada pelo plen\u00e1rio da Corte.<\/p>\n","protected":false},"excerpt":{"rendered":"<p>O ministro Alexandre de Moraes, do Supremo Tribunal Federal (STF), determinou nesta segunda-feira (12) a apreens\u00e3o do passaporte diplom\u00e1tico do ex-presidente Fernando Collor. Na mesma decis\u00e3o, o ministro proibiu o ex-presidente de sair do pa\u00eds. Collor cumpre pris\u00e3o domiciliar em Macei\u00f3. As medidas foram determinadas a pedido da Pol\u00edcia Federal (PF). No m\u00eas passado, Moraes [&hellip;]<\/p>\n","protected":false},"author":2,"featured_media":353793,"comment_status":"closed","ping_status":"closed","sticky":false,"template":"","format":"standard","meta":{"_acf_changed":false,"footnotes":""},"categories":[165],"tags":[],"class_list":["post-353792","post","type-post","status-publish","format-standard","has-post-thumbnail","hentry","category-nordeste"],"acf":[],"_links":{"self":[{"href":"https:\/\/www.notibras.com\/site\/wp-json\/wp\/v2\/posts\/353792","targetHints":{"allow":["GET"]}}],"collection":[{"href":"https:\/\/www.notibras.com\/site\/wp-json\/wp\/v2\/posts"}],"about":[{"href":"https:\/\/www.notibras.com\/site\/wp-json\/wp\/v2\/types\/post"}],"author":[{"embeddable":true,"href":"https:\/\/www.notibras.com\/site\/wp-json\/wp\/v2\/users\/2"}],"replies":[{"embeddable":true,"href":"https:\/\/www.notibras.com\/site\/wp-json\/wp\/v2\/comments?post=353792"}],"version-history":[{"count":1,"href":"https:\/\/www.notibras.com\/site\/wp-json\/wp\/v2\/posts\/353792\/revisions"}],"predecessor-version":[{"id":353794,"href":"https:\/\/www.notibras.com\/site\/wp-json\/wp\/v2\/posts\/353792\/revisions\/353794"}],"wp:featuredmedia":[{"embeddable":true,"href":"https:\/\/www.notibras.com\/site\/wp-json\/wp\/v2\/media\/353793"}],"wp:attachment":[{"href":"https:\/\/www.notibras.com\/site\/wp-json\/wp\/v2\/media?parent=353792"}],"wp:term":[{"taxonomy":"category","embeddable":true,"href":"https:\/\/www.notibras.com\/site\/wp-json\/wp\/v2\/categories?post=353792"},{"taxonomy":"post_tag","embeddable":true,"href":"https:\/\/www.notibras.com\/site\/wp-json\/wp\/v2\/tags?post=353792"}],"curies":[{"name":"wp","href":"https:\/\/api.w.org\/{rel}","templated":true}]}}