{"id":353813,"date":"2025-05-13T00:00:43","date_gmt":"2025-05-13T03:00:43","guid":{"rendered":"https:\/\/www.notibras.com\/site\/?p=353813"},"modified":"2025-05-13T07:19:55","modified_gmt":"2025-05-13T10:19:55","slug":"ceara-vai-se-destacando-entre-os-lideres-do-brasileirao","status":"publish","type":"post","link":"https:\/\/www.notibras.com\/site\/ceara-vai-se-destacando-entre-os-lideres-do-brasileirao\/","title":{"rendered":"Cear\u00e1 vai se destacando entre os l\u00edderes do Brasileir\u00e3o"},"content":{"rendered":"<p>Na partida que encerrou a oitava rodada da S\u00e9rie A do Campeonato Brasileiro, Santos e Cear\u00e1 mediram for\u00e7as na noite desta segunda-feira (12) no Allianz Parque, em S\u00e3o Paulo, e empataram sem gols.<\/p>\n<p>Este resultado deixa o Peixe em situa\u00e7\u00e3o delicada na competi\u00e7\u00e3o, ocupando a vice-lanterna da classifica\u00e7\u00e3o com apenas cinco pontos. J\u00e1 o Voz\u00e3o aparece na parte de cima da tabela, na sexta posi\u00e7\u00e3o com 12 pontos.<\/p>\n<p>Na pr\u00f3xima rodada do Brasileiro, o Santos vai at\u00e9 Itaquera para enfrentar o Corinthians, a partir das 16h (hor\u00e1rio de Bras\u00edlia) do pr\u00f3ximo domingo (18). J\u00e1 o Cear\u00e1 recebe o Sport no Castel\u00e3o um dia antes, a partir das 16h.<\/p>\n","protected":false},"excerpt":{"rendered":"<p>Na partida que encerrou a oitava rodada da S\u00e9rie A do Campeonato Brasileiro, Santos e Cear\u00e1 mediram for\u00e7as na noite desta segunda-feira (12) no Allianz Parque, em S\u00e3o Paulo, e empataram sem gols. Este resultado deixa o Peixe em situa\u00e7\u00e3o delicada na competi\u00e7\u00e3o, ocupando a vice-lanterna da classifica\u00e7\u00e3o com apenas cinco pontos. J\u00e1 o Voz\u00e3o [&hellip;]<\/p>\n","protected":false},"author":2,"featured_media":353814,"comment_status":"closed","ping_status":"closed","sticky":false,"template":"","format":"standard","meta":{"_acf_changed":false,"footnotes":""},"categories":[165],"tags":[],"class_list":["post-353813","post","type-post","status-publish","format-standard","has-post-thumbnail","hentry","category-nordeste"],"acf":[],"_links":{"self":[{"href":"https:\/\/www.notibras.com\/site\/wp-json\/wp\/v2\/posts\/353813","targetHints":{"allow":["GET"]}}],"collection":[{"href":"https:\/\/www.notibras.com\/site\/wp-json\/wp\/v2\/posts"}],"about":[{"href":"https:\/\/www.notibras.com\/site\/wp-json\/wp\/v2\/types\/post"}],"author":[{"embeddable":true,"href":"https:\/\/www.notibras.com\/site\/wp-json\/wp\/v2\/users\/2"}],"replies":[{"embeddable":true,"href":"https:\/\/www.notibras.com\/site\/wp-json\/wp\/v2\/comments?post=353813"}],"version-history":[{"count":1,"href":"https:\/\/www.notibras.com\/site\/wp-json\/wp\/v2\/posts\/353813\/revisions"}],"predecessor-version":[{"id":353815,"href":"https:\/\/www.notibras.com\/site\/wp-json\/wp\/v2\/posts\/353813\/revisions\/353815"}],"wp:featuredmedia":[{"embeddable":true,"href":"https:\/\/www.notibras.com\/site\/wp-json\/wp\/v2\/media\/353814"}],"wp:attachment":[{"href":"https:\/\/www.notibras.com\/site\/wp-json\/wp\/v2\/media?parent=353813"}],"wp:term":[{"taxonomy":"category","embeddable":true,"href":"https:\/\/www.notibras.com\/site\/wp-json\/wp\/v2\/categories?post=353813"},{"taxonomy":"post_tag","embeddable":true,"href":"https:\/\/www.notibras.com\/site\/wp-json\/wp\/v2\/tags?post=353813"}],"curies":[{"name":"wp","href":"https:\/\/api.w.org\/{rel}","templated":true}]}}