{"id":353822,"date":"2025-05-13T00:40:05","date_gmt":"2025-05-13T03:40:05","guid":{"rendered":"https:\/\/www.notibras.com\/site\/?p=353822"},"modified":"2025-05-13T07:46:04","modified_gmt":"2025-05-13T10:46:04","slug":"saiba-criterios-para-pedir-isencao-da-taxa-de-inscricao","status":"publish","type":"post","link":"https:\/\/www.notibras.com\/site\/saiba-criterios-para-pedir-isencao-da-taxa-de-inscricao\/","title":{"rendered":"Saiba crit\u00e9rios para pedir isen\u00e7\u00e3o da taxa de inscri\u00e7\u00e3o"},"content":{"rendered":"<p>As pessoas que solicitaram isen\u00e7\u00e3o da taxa de inscri\u00e7\u00e3o para o Exame Nacional do Ensino M\u00e9dio (Enem) deste ano j\u00e1 podem conferir se o pedido foi aceito pelo Instituto Nacional de Estudos e Pesquisas Educacionais An\u00edsio Teixeira (Inep) diretamente na P\u00e1gina do Participante do exame, com o login no portal \u00fanico de servi\u00e7os digitais do governo federal, o Gov.br.<\/p>\n<p>Nesta segunda-feira (12), o Inep tamb\u00e9m disponibilizou os resultados referentes \u00e0s justificativas dos candidatos da edi\u00e7\u00e3o de 2024 que n\u00e3o compareceram aos dois dias de prova, mas querem participar da edi\u00e7\u00e3o de 2025 gratuitamente.<\/p>\n<p>Ter a aprova\u00e7\u00e3o da solicita\u00e7\u00e3o de isen\u00e7\u00e3o e\/ou de justificativa de aus\u00eancia no Enem 2024 n\u00e3o garante a efetiva\u00e7\u00e3o da inscri\u00e7\u00e3o no Enem 2025. Todos os interessados dever\u00e3o fazer a inscri\u00e7\u00e3o online de 26 de maio a 6 de junho. O edital do Enem 2025 \u2013 com as regras desta edi\u00e7\u00e3o \u2013 ainda ser\u00e1 publicado pelo Minist\u00e9rio da Educa\u00e7\u00e3o (MEC).<\/p>\n<p><strong>Recursos<\/strong><br \/>\nOs candidatos que tiveram negado o pedido de isen\u00e7\u00e3o de pagamento da taxa de inscri\u00e7\u00e3o do exame ou a justificativa de aus\u00eancia no Enem 2024 reprovada pela equipe do Inep podem entrar com recurso das 23h59 desta segunda-feira (12) \u00e0s 23h59 de sexta-feira (16), no mesmo endere\u00e7o eletr\u00f4nico: a P\u00e1gina do Participante.<\/p>\n<p>Para a solicita\u00e7\u00e3o de recurso da isen\u00e7\u00e3o de pagamento da taxa de inscri\u00e7\u00e3o para o Enem 2025, o participante deve enviar documenta\u00e7\u00e3o que comprove uma das situa\u00e7\u00f5es definidas pelo MEC, conforme previsto no anexo I do edital:<\/p>\n<p>. matriculadas na 3\u00aa s\u00e9rie do ensino m\u00e9dio (neste ano de 2025), em escola p\u00fablica;<\/p>\n<p>. que cursaram todo o ensino m\u00e9dio em escola p\u00fablica ou como bolsista integral em unidade de ensino privada;<\/p>\n<p>. em situa\u00e7\u00e3o de vulnerabilidade socioecon\u00f4mica e Integrantes de fam\u00edlias inscritas no Cadastro \u00danico para Programas Sociais do governo federal (Cad\u00danico);<\/p>\n<p>. participantes do programa federal P\u00e9-de-Meia.<\/p>\n<p>Entre os documentos exigidos, est\u00e1 a declara\u00e7\u00e3o de realiza\u00e7\u00e3o de todo o ensino m\u00e9dio em escola do sistema p\u00fablico de ensino do Brasil (municipal, estadual ou federal) ou hist\u00f3rico escolar do ensino m\u00e9dio, com assinatura da escola.<\/p>\n<p>Para entrar com recurso da justificativa de aus\u00eancia, \u00e9 preciso enviar nova documenta\u00e7\u00e3o.<\/p>\n<p>Confira aqui as situa\u00e7\u00f5es previstas e os documentos aceitos pelo Inep.<\/p>\n<p>Em toda a documenta\u00e7\u00e3o apresentada dever\u00e1 constar o nome completo do faltoso em 2024. As declara\u00e7\u00f5es devem estar datadas e assinadas. Ser\u00e3o aceitos somente documentos nos formatos PDF, PNG ou JPG, com o tamanho m\u00e1ximo de 2 megabytes (MB).<\/p>\n<p>N\u00e3o ser\u00e3o aceitos documentos autodeclarat\u00f3rios ou emitidos, por exemplo, por pais ou respons\u00e1veis dos participantes.<\/p>\n<p>Se for constatado que o participante declarou informa\u00e7\u00f5es falsas ou inexatas, conseguindo uma isen\u00e7\u00e3o indevida, ele ser\u00e1 eliminado do exame, a qualquer tempo, e dever\u00e1 ressarcir \u00e0 Uni\u00e3o os custos referentes \u00e0 taxa de inscri\u00e7\u00e3o, podendo ainda responder por crime contra a f\u00e9 p\u00fablica.<\/p>\n<p><strong>Resultados<\/strong><br \/>\nO resultado final dos recursos ser\u00e1 conhecido em 22 de maio. O candidato que teve o pedido do recurso de isen\u00e7\u00e3o negado em definitivo dever\u00e1 pagar a taxa para se inscrever no exame.<\/p>\n<p><strong>Exame<\/strong><br \/>\nO Enem, que avalia o desempenho escolar dos estudantes ao t\u00e9rmino da educa\u00e7\u00e3o b\u00e1sica, \u00e9 considerado a principal forma de entrada na educa\u00e7\u00e3o superior no Brasil, por meio de programas federais como Sistema de Sele\u00e7\u00e3o Unificada (Sisu), Programa Universidade para Todos (Prouni) e Fundo de Financiamento Estudantil (Fies). As institui\u00e7\u00f5es de ensino p\u00fablicas e privadas usam os resultados das provas para selecionar estudantes.<\/p>\n<p>Os resultados individuais do exame tamb\u00e9m podem ser aproveitados em processos seletivos de institui\u00e7\u00f5es portuguesas que t\u00eam conv\u00eanio com o Inep. Os acordos garantem acesso facilitado \u00e0s notas dos estudantes brasileiros interessados em cursar a educa\u00e7\u00e3o superior em Portugal.<\/p>\n","protected":false},"excerpt":{"rendered":"<p>As pessoas que solicitaram isen\u00e7\u00e3o da taxa de inscri\u00e7\u00e3o para o Exame Nacional do Ensino M\u00e9dio (Enem) deste ano j\u00e1 podem conferir se o pedido foi aceito pelo Instituto Nacional de Estudos e Pesquisas Educacionais An\u00edsio Teixeira (Inep) diretamente na P\u00e1gina do Participante do exame, com o login no portal \u00fanico de servi\u00e7os digitais do [&hellip;]<\/p>\n","protected":false},"author":2,"featured_media":353824,"comment_status":"closed","ping_status":"closed","sticky":false,"template":"","format":"standard","meta":{"_acf_changed":false,"footnotes":""},"categories":[161],"tags":[],"class_list":["post-353822","post","type-post","status-publish","format-standard","has-post-thumbnail","hentry","category-quadradinho-em-foco"],"acf":[],"_links":{"self":[{"href":"https:\/\/www.notibras.com\/site\/wp-json\/wp\/v2\/posts\/353822","targetHints":{"allow":["GET"]}}],"collection":[{"href":"https:\/\/www.notibras.com\/site\/wp-json\/wp\/v2\/posts"}],"about":[{"href":"https:\/\/www.notibras.com\/site\/wp-json\/wp\/v2\/types\/post"}],"author":[{"embeddable":true,"href":"https:\/\/www.notibras.com\/site\/wp-json\/wp\/v2\/users\/2"}],"replies":[{"embeddable":true,"href":"https:\/\/www.notibras.com\/site\/wp-json\/wp\/v2\/comments?post=353822"}],"version-history":[{"count":1,"href":"https:\/\/www.notibras.com\/site\/wp-json\/wp\/v2\/posts\/353822\/revisions"}],"predecessor-version":[{"id":353825,"href":"https:\/\/www.notibras.com\/site\/wp-json\/wp\/v2\/posts\/353822\/revisions\/353825"}],"wp:featuredmedia":[{"embeddable":true,"href":"https:\/\/www.notibras.com\/site\/wp-json\/wp\/v2\/media\/353824"}],"wp:attachment":[{"href":"https:\/\/www.notibras.com\/site\/wp-json\/wp\/v2\/media?parent=353822"}],"wp:term":[{"taxonomy":"category","embeddable":true,"href":"https:\/\/www.notibras.com\/site\/wp-json\/wp\/v2\/categories?post=353822"},{"taxonomy":"post_tag","embeddable":true,"href":"https:\/\/www.notibras.com\/site\/wp-json\/wp\/v2\/tags?post=353822"}],"curies":[{"name":"wp","href":"https:\/\/api.w.org\/{rel}","templated":true}]}}