{"id":353826,"date":"2025-05-13T00:09:25","date_gmt":"2025-05-13T03:09:25","guid":{"rendered":"https:\/\/www.notibras.com\/site\/?p=353826"},"modified":"2025-05-13T07:51:29","modified_gmt":"2025-05-13T10:51:29","slug":"ampliado-prazo-para-alteracao-em-contrato-do-novo-fies","status":"publish","type":"post","link":"https:\/\/www.notibras.com\/site\/ampliado-prazo-para-alteracao-em-contrato-do-novo-fies\/","title":{"rendered":"Ampliado prazo para altera\u00e7\u00e3o em contrato do Novo Fies"},"content":{"rendered":"<p>A Caixa prorrogou o prazo para aditamento (altera\u00e7\u00f5es) dos contratos do Novo Fies, referentes ao primeiro semestre de 2025. Os estudantes de institui\u00e7\u00f5es de ensino superior t\u00eam at\u00e9 o dia 30 de junho para fazerem acr\u00e9scimo de renova\u00e7\u00e3o semestral, transfer\u00eancia de curso ou de institui\u00e7\u00e3o, suspens\u00e3o tempor\u00e1ria e encerramento antecipado &#8211; manuten\u00e7\u00f5es consideradas obrigat\u00f3rias.<\/p>\n<p>As altera\u00e7\u00f5es podem ser feitas pelo portal SifesWeb e pelo aplicativo Fies Caixa.<\/p>\n<p>Os estudantes tamb\u00e9m poder\u00e3o solicitar o aumento do prazo de utiliza\u00e7\u00e3o do financiamento a partir do dia 1\u00ba de junho, a chamada dilata\u00e7\u00e3o, que \u00e9 prolongar o prazo do aux\u00edlio caso o estudante n\u00e3o tenha conclu\u00eddo o curso at\u00e9 o \u00faltimo semestre previsto do financiamento. A mudan\u00e7a ficar\u00e1 dispon\u00edvel at\u00e9 15 de julho.<\/p>\n<p>Para efetivar o aditamento e solicita\u00e7\u00e3o de dilata\u00e7\u00e3o, os alunos devem estar em dia com os pagamentos de boleto \u00fanico.<\/p>\n<p>Aditamento<br \/>\nConforme regras do Novo Fies, os contratos entre os alunos e a Caixa devem ser aditados semestralmente. A renova\u00e7\u00e3o \u00e9 iniciada pela faculdade e deve ser validada pelo aluno.<\/p>\n<p><strong>O que pode ser feito <\/strong><br \/>\nPelo Fies Caixa, os alunos podem solicitar a dilata\u00e7\u00e3o do prazo de utiliza\u00e7\u00e3o do contrato, validar o aditamento de renova\u00e7\u00e3o do contrato, visualizar e gerar boletos de parcelas em aberto, acessar dados cadastrados e solicitar a suspens\u00e3o tempor\u00e1ria do contrato.<\/p>\n<p>Esses servi\u00e7os tamb\u00e9m est\u00e3o dispon\u00edveis no site SifesWeb.<\/p>\n<p><strong>Entenda o Fies<\/strong><br \/>\nO Fies \u00e9 o programa do governo federal que concede financiamento a estudantes para cursarem gradua\u00e7\u00e3o em institui\u00e7\u00f5es privadas com ades\u00e3o ao programa e t\u00eam avalia\u00e7\u00e3o positiva no Sistema Nacional de Avalia\u00e7\u00e3o da Educa\u00e7\u00e3o Superior (Sinaes).<\/p>\n<p>Pode se inscrever no processo seletivo do Fies e do Fies Social o candidato que atenda \u00e0s seguintes condi\u00e7\u00f5es:<\/p>\n<p>Ter participado do Exame Nacional do Ensino M\u00e9dio (Enem) a partir da edi\u00e7\u00e3o de 2010, com nota no exame v\u00e1lida at\u00e9 o momento anterior \u00e0 abertura das inscri\u00e7\u00f5es;<br \/>\nTer obtido pontua\u00e7\u00e3o igual ou superior a 450 pontos na m\u00e9dia aritm\u00e9tica das notas alcan\u00e7adas nas cinco provas do Enem e nota superior a zero na prova de reda\u00e7\u00e3o;<br \/>\nN\u00e3o ter participado do exame como treineiro;<br \/>\nTer condi\u00e7\u00f5es de atingir a frequ\u00eancia m\u00ednima exigida para o semestre letivo referente ao primeiro semestre de 2025, no curso, turno e local de oferta da institui\u00e7\u00e3o de ensino superior onde deseja estudar.<br \/>\nTer renda familiar mensal bruta per capita de at\u00e9 tr\u00eas sal\u00e1rios m\u00ednimos (R$ 4.554, em 2025) para o Fies;<br \/>\nNo caso do Fies Social, inscritos no Cadastro \u00danico para Programas Sociais do governo federal (Cad\u00danico), com renda familiar por pessoa de at\u00e9 meio sal\u00e1rio m\u00ednimo (R$ 758, em 2025).<\/p>\n","protected":false},"excerpt":{"rendered":"<p>A Caixa prorrogou o prazo para aditamento (altera\u00e7\u00f5es) dos contratos do Novo Fies, referentes ao primeiro semestre de 2025. Os estudantes de institui\u00e7\u00f5es de ensino superior t\u00eam at\u00e9 o dia 30 de junho para fazerem acr\u00e9scimo de renova\u00e7\u00e3o semestral, transfer\u00eancia de curso ou de institui\u00e7\u00e3o, suspens\u00e3o tempor\u00e1ria e encerramento antecipado &#8211; manuten\u00e7\u00f5es consideradas obrigat\u00f3rias. As [&hellip;]<\/p>\n","protected":false},"author":2,"featured_media":353827,"comment_status":"closed","ping_status":"closed","sticky":false,"template":"","format":"standard","meta":{"_acf_changed":false,"footnotes":""},"categories":[161],"tags":[],"class_list":["post-353826","post","type-post","status-publish","format-standard","has-post-thumbnail","hentry","category-quadradinho-em-foco"],"acf":[],"_links":{"self":[{"href":"https:\/\/www.notibras.com\/site\/wp-json\/wp\/v2\/posts\/353826","targetHints":{"allow":["GET"]}}],"collection":[{"href":"https:\/\/www.notibras.com\/site\/wp-json\/wp\/v2\/posts"}],"about":[{"href":"https:\/\/www.notibras.com\/site\/wp-json\/wp\/v2\/types\/post"}],"author":[{"embeddable":true,"href":"https:\/\/www.notibras.com\/site\/wp-json\/wp\/v2\/users\/2"}],"replies":[{"embeddable":true,"href":"https:\/\/www.notibras.com\/site\/wp-json\/wp\/v2\/comments?post=353826"}],"version-history":[{"count":1,"href":"https:\/\/www.notibras.com\/site\/wp-json\/wp\/v2\/posts\/353826\/revisions"}],"predecessor-version":[{"id":353828,"href":"https:\/\/www.notibras.com\/site\/wp-json\/wp\/v2\/posts\/353826\/revisions\/353828"}],"wp:featuredmedia":[{"embeddable":true,"href":"https:\/\/www.notibras.com\/site\/wp-json\/wp\/v2\/media\/353827"}],"wp:attachment":[{"href":"https:\/\/www.notibras.com\/site\/wp-json\/wp\/v2\/media?parent=353826"}],"wp:term":[{"taxonomy":"category","embeddable":true,"href":"https:\/\/www.notibras.com\/site\/wp-json\/wp\/v2\/categories?post=353826"},{"taxonomy":"post_tag","embeddable":true,"href":"https:\/\/www.notibras.com\/site\/wp-json\/wp\/v2\/tags?post=353826"}],"curies":[{"name":"wp","href":"https:\/\/api.w.org\/{rel}","templated":true}]}}