{"id":353829,"date":"2025-05-13T00:00:18","date_gmt":"2025-05-13T03:00:18","guid":{"rendered":"https:\/\/www.notibras.com\/site\/?p=353829"},"modified":"2025-05-13T07:59:17","modified_gmt":"2025-05-13T10:59:17","slug":"profissionais-de-limpeza-urbana-serao-homenageados-na-sexta-16","status":"publish","type":"post","link":"https:\/\/www.notibras.com\/site\/profissionais-de-limpeza-urbana-serao-homenageados-na-sexta-16\/","title":{"rendered":"Profissionais de limpeza urbana ser\u00e3o homenageados na sexta (16)"},"content":{"rendered":"<p>Na sexta-feira (16) celebra-se o Dia do Gari. A data foi institu\u00edda como ponto facultativo pelo governador Ibaneis Rocha, exclusivamente para os trabalhadores da limpeza urbana no Distrito Federal. Nesse dia, os garis do Servi\u00e7o de Limpeza Urbana (SLU) estar\u00e3o de folga e ser\u00e3o homenageados com uma festa no Distrito de Limpeza Norte, a partir das 10h.<\/p>\n<p>Neste dia, a popula\u00e7\u00e3o do Distrito Federal tamb\u00e9m \u00e9 convidada a colaborar para que os garis possam aproveitar sua folga. Ser\u00e1 o Dia Sem Lixo, durante o qual n\u00e3o haver\u00e1 servi\u00e7os de coleta, varri\u00e7\u00e3o ou cata\u00e7\u00e3o de res\u00edduos. \u00c9 fundamental que os moradores n\u00e3o descartem lixo nas vias p\u00fablicas, contribuindo para a manuten\u00e7\u00e3o da limpeza da cidade.<\/p>\n<p>&#8220;Ser\u00e1 um dia de homenagem e tamb\u00e9m de reflex\u00e3o sobre a import\u00e2ncia do trabalho dos garis. Sem esses profissionais, a limpeza e a sa\u00fade p\u00fablica da nossa cidade estariam comprometidas. Nesta data, \u00e9 essencial que a popula\u00e7\u00e3o se comprometa a fazer sua parte para manter a cidade limpa, o que inclui n\u00e3o colocar os res\u00edduos para a coleta, pois o servi\u00e7o n\u00e3o ser\u00e1 realizado neste dia&#8221;, explicou o diretor-presidente do SLU, Luiz Felipe Carvalho.<\/p>\n<p>A homenagem contar\u00e1 com diversas atra\u00e7\u00f5es musicais e o show de talentos, com pr\u00eamios especiais para os garis participantes. Al\u00e9m disso, os profissionais ter\u00e3o acesso a diversos servi\u00e7os oferecidos por parceiros do evento, como atendimentos na carreta do Na Hora, Carreta da Mulher, servi\u00e7os da Secretaria de Sa\u00fade, entre outros.<\/p>\n","protected":false},"excerpt":{"rendered":"<p>Na sexta-feira (16) celebra-se o Dia do Gari. A data foi institu\u00edda como ponto facultativo pelo governador Ibaneis Rocha, exclusivamente para os trabalhadores da limpeza urbana no Distrito Federal. Nesse dia, os garis do Servi\u00e7o de Limpeza Urbana (SLU) estar\u00e3o de folga e ser\u00e3o homenageados com uma festa no Distrito de Limpeza Norte, a partir [&hellip;]<\/p>\n","protected":false},"author":2,"featured_media":353830,"comment_status":"closed","ping_status":"closed","sticky":false,"template":"","format":"standard","meta":{"_acf_changed":false,"footnotes":""},"categories":[161],"tags":[],"class_list":["post-353829","post","type-post","status-publish","format-standard","has-post-thumbnail","hentry","category-quadradinho-em-foco"],"acf":[],"_links":{"self":[{"href":"https:\/\/www.notibras.com\/site\/wp-json\/wp\/v2\/posts\/353829","targetHints":{"allow":["GET"]}}],"collection":[{"href":"https:\/\/www.notibras.com\/site\/wp-json\/wp\/v2\/posts"}],"about":[{"href":"https:\/\/www.notibras.com\/site\/wp-json\/wp\/v2\/types\/post"}],"author":[{"embeddable":true,"href":"https:\/\/www.notibras.com\/site\/wp-json\/wp\/v2\/users\/2"}],"replies":[{"embeddable":true,"href":"https:\/\/www.notibras.com\/site\/wp-json\/wp\/v2\/comments?post=353829"}],"version-history":[{"count":1,"href":"https:\/\/www.notibras.com\/site\/wp-json\/wp\/v2\/posts\/353829\/revisions"}],"predecessor-version":[{"id":353831,"href":"https:\/\/www.notibras.com\/site\/wp-json\/wp\/v2\/posts\/353829\/revisions\/353831"}],"wp:featuredmedia":[{"embeddable":true,"href":"https:\/\/www.notibras.com\/site\/wp-json\/wp\/v2\/media\/353830"}],"wp:attachment":[{"href":"https:\/\/www.notibras.com\/site\/wp-json\/wp\/v2\/media?parent=353829"}],"wp:term":[{"taxonomy":"category","embeddable":true,"href":"https:\/\/www.notibras.com\/site\/wp-json\/wp\/v2\/categories?post=353829"},{"taxonomy":"post_tag","embeddable":true,"href":"https:\/\/www.notibras.com\/site\/wp-json\/wp\/v2\/tags?post=353829"}],"curies":[{"name":"wp","href":"https:\/\/api.w.org\/{rel}","templated":true}]}}