{"id":353869,"date":"2025-05-14T00:35:04","date_gmt":"2025-05-14T03:35:04","guid":{"rendered":"https:\/\/www.notibras.com\/site\/?p=353869"},"modified":"2025-05-14T00:36:44","modified_gmt":"2025-05-14T03:36:44","slug":"lula-chega-a-noite-da-china-e-viaja-na-quinta-para-velorio-de-mujica","status":"publish","type":"post","link":"https:\/\/www.notibras.com\/site\/lula-chega-a-noite-da-china-e-viaja-na-quinta-para-velorio-de-mujica\/","title":{"rendered":"Lula chega \u00e0 noite da China e viaja na quinta para vel\u00f3rio de Mujica"},"content":{"rendered":"<p>O presidente Luiz In\u00e1cio Lula da Silva ir\u00e1 ao vel\u00f3rio do ex-presidente do Uruguai, Jos\u00e9 &#8220;Pepe&#8221; Mujica, que morreu nesta ter\u00e7a-feira (13), aos 89 anos.<\/p>\n<p>Ainda na China, onde cumpriu visita oficial, o presidente concedeu uma entrevista coletiva a jornalistas brasileiros, chineses e de outros pa\u00edses, onde confirmou a viagem para se despedir do velho amigo.<\/p>\n<p>&#8220;Eu pretendo, chegando a Bras\u00edlia, ir ao enterro do Pepe Mujica, porque o m\u00ednimo que a gente tem que fazer \u00e9 se despedir das pessoas que serviram de refer\u00eancia para gente, com demonstra\u00e7\u00e3o de muita dignidade e de muito respeito&#8221;, afirmou Lula.<\/p>\n<p>Ap\u00f3s a entrevista, em Pequim, o presidente e sua comitiva embarcaram de volta ao Brasil, onde a previs\u00e3o de chegada \u00e9 na noite desta quarta-feira (14).<\/p>\n<p>Lula j\u00e1 tinha se manifestado, mais cedo, em nota oficial, sobre a morte de Mujica e destacou seu legado pol\u00edtico e social.<\/p>\n<p>Na coletiva de imprensa, ele refor\u00e7ou sua homenagem \u00e0 mem\u00f3ria do ex-presidente uruguaio, que chegou a ficar 12 anos preso por persegui\u00e7\u00e3o pol\u00edtica da ditadura no pa\u00eds vizinho.<\/p>\n<p>&#8220;O Pepe Mujica n\u00e3o foi apenas um militante de esquerda, um senador, um deputado ou um presidente da Rep\u00fablica do Uruguai. O Pepe Mujica foi um presidente muito importante para a democracia, para os setores progressistas da sociedade, para a esquerda. Porque eu acho que se ele n\u00e3o tivesse nascido, precisaria nascer outra vez, para que a gente tivesse um exemplo de ser humano, com muita dignidade, com muito respeito, com muita solidariedade e com muita coragem&#8221;, disse Lula.<\/p>\n<p>O \u00faltimo encontro entre os dois ocorreu na ch\u00e1cara de Mujica, nos arredores da capital uruguaia, no fim do ano passado. Na ocasi\u00e3o, Lula condecorou Mujica com a Ordem do Cruzeiro do Sul, a maior honraria concedida pelo Estado brasileiro a cidad\u00e3os estrangeiros.<\/p>\n<p>&#8220;Da \u00faltima vez que eu vi ele, sentado comigo, ele me disse: &#8216;Lula, eu estou indo embora&#8217;. E, com a maior serenidade e tranquilidade que me disse isso, era o jeito que ele governava o Uruguai&#8221;, contou Lula.<\/p>\n<p>&#8220;Dif\u00edcil encontrar duas ou tr\u00eas pessoas no mundo com o car\u00e1ter e a dignidade dele [Mujica]&#8221;, completou o presidente.<\/p>\n<p>Por conta da morte de Mujica, o presidente em exerc\u00edcio, Geraldo Alckmin, decretou luto oficial de tr\u00eas dias no Brasil.<\/p>\n","protected":false},"excerpt":{"rendered":"<p>O presidente Luiz In\u00e1cio Lula da Silva ir\u00e1 ao vel\u00f3rio do ex-presidente do Uruguai, Jos\u00e9 &#8220;Pepe&#8221; Mujica, que morreu nesta ter\u00e7a-feira (13), aos 89 anos. Ainda na China, onde cumpriu visita oficial, o presidente concedeu uma entrevista coletiva a jornalistas brasileiros, chineses e de outros pa\u00edses, onde confirmou a viagem para se despedir do velho [&hellip;]<\/p>\n","protected":false},"author":2,"featured_media":353870,"comment_status":"closed","ping_status":"closed","sticky":false,"template":"","format":"standard","meta":{"_acf_changed":false,"footnotes":""},"categories":[16],"tags":[95],"class_list":["post-353869","post","type-post","status-publish","format-standard","has-post-thumbnail","hentry","category-brasil","tag-capa"],"acf":[],"yoast_head":"<!-- This site is optimized with the Yoast SEO plugin v27.2 - https:\/\/yoast.com\/product\/yoast-seo-wordpress\/ -->\n<title>Lula chega \u00e0 noite da China e viaja na quinta para vel\u00f3rio de Mujica - Notibras<\/title>\n<meta name=\"robots\" content=\"index, follow, max-snippet:-1, max-image-preview:large, max-video-preview:-1\" \/>\n<link rel=\"canonical\" href=\"https:\/\/www.notibras.com\/site\/lula-chega-a-noite-da-china-e-viaja-na-quinta-para-velorio-de-mujica\/\" \/>\n<meta property=\"og:locale\" content=\"pt_BR\" \/>\n<meta property=\"og:type\" content=\"article\" \/>\n<meta property=\"og:title\" content=\"Lula chega \u00e0 noite da China e viaja na quinta para vel\u00f3rio de Mujica - Notibras\" \/>\n<meta property=\"og:description\" content=\"O presidente Luiz In\u00e1cio Lula da Silva ir\u00e1 ao vel\u00f3rio do ex-presidente do Uruguai, Jos\u00e9 &#8220;Pepe&#8221; Mujica, que morreu nesta ter\u00e7a-feira (13), aos 89 anos. Ainda na China, onde cumpriu visita oficial, o presidente concedeu uma entrevista coletiva a jornalistas brasileiros, chineses e de outros pa\u00edses, onde confirmou a viagem para se despedir do velho [&hellip;]\" \/>\n<meta property=\"og:url\" content=\"https:\/\/www.notibras.com\/site\/lula-chega-a-noite-da-china-e-viaja-na-quinta-para-velorio-de-mujica\/\" \/>\n<meta property=\"og:site_name\" content=\"Notibras\" \/>\n<meta property=\"article:publisher\" content=\"https:\/\/www.facebook.com\/notibras\/\" \/>\n<meta property=\"article:published_time\" content=\"2025-05-14T03:35:04+00:00\" \/>\n<meta property=\"article:modified_time\" content=\"2025-05-14T03:36:44+00:00\" \/>\n<meta property=\"og:image\" content=\"https:\/\/www.notibras.com\/site\/wp-content\/uploads\/2025\/05\/mujica03.webp\" \/>\n\t<meta property=\"og:image:width\" content=\"1170\" \/>\n\t<meta property=\"og:image:height\" content=\"700\" \/>\n\t<meta property=\"og:image:type\" content=\"image\/webp\" \/>\n<meta name=\"author\" content=\"Reda\u00e7\u00e3o\" \/>\n<meta name=\"twitter:card\" content=\"summary_large_image\" \/>\n<meta name=\"twitter:creator\" content=\"@Notibras\" \/>\n<meta name=\"twitter:site\" content=\"@Notibras\" \/>\n<meta name=\"twitter:label1\" content=\"Escrito por\" \/>\n\t<meta name=\"twitter:data1\" content=\"Reda\u00e7\u00e3o\" \/>\n\t<meta name=\"twitter:label2\" content=\"Est. tempo de leitura\" \/>\n\t<meta name=\"twitter:data2\" content=\"3 minutos\" \/>\n<script type=\"application\/ld+json\" class=\"yoast-schema-graph\">{\"@context\":\"https:\/\/schema.org\",\"@graph\":[{\"@type\":\"Article\",\"@id\":\"https:\/\/www.notibras.com\/site\/lula-chega-a-noite-da-china-e-viaja-na-quinta-para-velorio-de-mujica\/#article\",\"isPartOf\":{\"@id\":\"https:\/\/www.notibras.com\/site\/lula-chega-a-noite-da-china-e-viaja-na-quinta-para-velorio-de-mujica\/\"},\"author\":{\"name\":\"Reda\u00e7\u00e3o\",\"@id\":\"https:\/\/www.notibras.com\/site\/#\/schema\/person\/36ab0979449956132d3e5b517ea76ac8\"},\"headline\":\"Lula chega \u00e0 noite da China e viaja na quinta para vel\u00f3rio de Mujica\",\"datePublished\":\"2025-05-14T03:35:04+00:00\",\"dateModified\":\"2025-05-14T03:36:44+00:00\",\"mainEntityOfPage\":{\"@id\":\"https:\/\/www.notibras.com\/site\/lula-chega-a-noite-da-china-e-viaja-na-quinta-para-velorio-de-mujica\/\"},\"wordCount\":407,\"publisher\":{\"@id\":\"https:\/\/www.notibras.com\/site\/#organization\"},\"image\":{\"@id\":\"https:\/\/www.notibras.com\/site\/lula-chega-a-noite-da-china-e-viaja-na-quinta-para-velorio-de-mujica\/#primaryimage\"},\"thumbnailUrl\":\"https:\/\/www.notibras.com\/site\/wp-content\/uploads\/2025\/05\/mujica03.webp\",\"keywords\":[\"capa\"],\"articleSection\":[\"Brasil\"],\"inLanguage\":\"pt-BR\"},{\"@type\":\"WebPage\",\"@id\":\"https:\/\/www.notibras.com\/site\/lula-chega-a-noite-da-china-e-viaja-na-quinta-para-velorio-de-mujica\/\",\"url\":\"https:\/\/www.notibras.com\/site\/lula-chega-a-noite-da-china-e-viaja-na-quinta-para-velorio-de-mujica\/\",\"name\":\"Lula chega \u00e0 noite da China e viaja na quinta para vel\u00f3rio de Mujica - Notibras\",\"isPartOf\":{\"@id\":\"https:\/\/www.notibras.com\/site\/#website\"},\"primaryImageOfPage\":{\"@id\":\"https:\/\/www.notibras.com\/site\/lula-chega-a-noite-da-china-e-viaja-na-quinta-para-velorio-de-mujica\/#primaryimage\"},\"image\":{\"@id\":\"https:\/\/www.notibras.com\/site\/lula-chega-a-noite-da-china-e-viaja-na-quinta-para-velorio-de-mujica\/#primaryimage\"},\"thumbnailUrl\":\"https:\/\/www.notibras.com\/site\/wp-content\/uploads\/2025\/05\/mujica03.webp\",\"datePublished\":\"2025-05-14T03:35:04+00:00\",\"dateModified\":\"2025-05-14T03:36:44+00:00\",\"breadcrumb\":{\"@id\":\"https:\/\/www.notibras.com\/site\/lula-chega-a-noite-da-china-e-viaja-na-quinta-para-velorio-de-mujica\/#breadcrumb\"},\"inLanguage\":\"pt-BR\",\"potentialAction\":[{\"@type\":\"ReadAction\",\"target\":[\"https:\/\/www.notibras.com\/site\/lula-chega-a-noite-da-china-e-viaja-na-quinta-para-velorio-de-mujica\/\"]}]},{\"@type\":\"ImageObject\",\"inLanguage\":\"pt-BR\",\"@id\":\"https:\/\/www.notibras.com\/site\/lula-chega-a-noite-da-china-e-viaja-na-quinta-para-velorio-de-mujica\/#primaryimage\",\"url\":\"https:\/\/www.notibras.com\/site\/wp-content\/uploads\/2025\/05\/mujica03.webp\",\"contentUrl\":\"https:\/\/www.notibras.com\/site\/wp-content\/uploads\/2025\/05\/mujica03.webp\",\"width\":1170,\"height\":700},{\"@type\":\"BreadcrumbList\",\"@id\":\"https:\/\/www.notibras.com\/site\/lula-chega-a-noite-da-china-e-viaja-na-quinta-para-velorio-de-mujica\/#breadcrumb\",\"itemListElement\":[{\"@type\":\"ListItem\",\"position\":1,\"name\":\"In\u00edcio\",\"item\":\"https:\/\/www.notibras.com\/site\/\"},{\"@type\":\"ListItem\",\"position\":2,\"name\":\"Lula chega \u00e0 noite da China e viaja na quinta para vel\u00f3rio de Mujica\"}]},{\"@type\":\"WebSite\",\"@id\":\"https:\/\/www.notibras.com\/site\/#website\",\"url\":\"https:\/\/www.notibras.com\/site\/\",\"name\":\"Notibras\",\"description\":\"Not\u00edcias de Bras\u00edlia, do Brasil e do Mundo\",\"publisher\":{\"@id\":\"https:\/\/www.notibras.com\/site\/#organization\"},\"potentialAction\":[{\"@type\":\"SearchAction\",\"target\":{\"@type\":\"EntryPoint\",\"urlTemplate\":\"https:\/\/www.notibras.com\/site\/?s={search_term_string}\"},\"query-input\":{\"@type\":\"PropertyValueSpecification\",\"valueRequired\":true,\"valueName\":\"search_term_string\"}}],\"inLanguage\":\"pt-BR\"},{\"@type\":\"Organization\",\"@id\":\"https:\/\/www.notibras.com\/site\/#organization\",\"name\":\"Grupo Notibras de Comunica\u00e7\u00e3o\",\"url\":\"https:\/\/www.notibras.com\/site\/\",\"logo\":{\"@type\":\"ImageObject\",\"inLanguage\":\"pt-BR\",\"@id\":\"https:\/\/www.notibras.com\/site\/#\/schema\/logo\/image\/\",\"url\":\"https:\/\/www.notibras.com\/site\/wp-content\/uploads\/2023\/01\/notibras23.png\",\"contentUrl\":\"https:\/\/www.notibras.com\/site\/wp-content\/uploads\/2023\/01\/notibras23.png\",\"width\":350,\"height\":87,\"caption\":\"Grupo Notibras de Comunica\u00e7\u00e3o\"},\"image\":{\"@id\":\"https:\/\/www.notibras.com\/site\/#\/schema\/logo\/image\/\"},\"sameAs\":[\"https:\/\/www.facebook.com\/notibras\/\",\"https:\/\/x.com\/Notibras\",\"https:\/\/www.instagram.com\/notibras\/\"]},{\"@type\":\"Person\",\"@id\":\"https:\/\/www.notibras.com\/site\/#\/schema\/person\/36ab0979449956132d3e5b517ea76ac8\",\"name\":\"Reda\u00e7\u00e3o\",\"image\":{\"@type\":\"ImageObject\",\"inLanguage\":\"pt-BR\",\"@id\":\"https:\/\/secure.gravatar.com\/avatar\/e0a867bdedb85fd243eadf09663511f96fc81e0720a4a42581f334ad4303aa6b?s=96&d=mm&r=g\",\"url\":\"https:\/\/secure.gravatar.com\/avatar\/e0a867bdedb85fd243eadf09663511f96fc81e0720a4a42581f334ad4303aa6b?s=96&d=mm&r=g\",\"contentUrl\":\"https:\/\/secure.gravatar.com\/avatar\/e0a867bdedb85fd243eadf09663511f96fc81e0720a4a42581f334ad4303aa6b?s=96&d=mm&r=g\",\"caption\":\"Reda\u00e7\u00e3o\"}}]}<\/script>\n<!-- \/ Yoast SEO plugin. -->","yoast_head_json":{"title":"Lula chega \u00e0 noite da China e viaja na quinta para vel\u00f3rio de Mujica - Notibras","robots":{"index":"index","follow":"follow","max-snippet":"max-snippet:-1","max-image-preview":"max-image-preview:large","max-video-preview":"max-video-preview:-1"},"canonical":"https:\/\/www.notibras.com\/site\/lula-chega-a-noite-da-china-e-viaja-na-quinta-para-velorio-de-mujica\/","og_locale":"pt_BR","og_type":"article","og_title":"Lula chega \u00e0 noite da China e viaja na quinta para vel\u00f3rio de Mujica - Notibras","og_description":"O presidente Luiz In\u00e1cio Lula da Silva ir\u00e1 ao vel\u00f3rio do ex-presidente do Uruguai, Jos\u00e9 &#8220;Pepe&#8221; Mujica, que morreu nesta ter\u00e7a-feira (13), aos 89 anos. Ainda na China, onde cumpriu visita oficial, o presidente concedeu uma entrevista coletiva a jornalistas brasileiros, chineses e de outros pa\u00edses, onde confirmou a viagem para se despedir do velho [&hellip;]","og_url":"https:\/\/www.notibras.com\/site\/lula-chega-a-noite-da-china-e-viaja-na-quinta-para-velorio-de-mujica\/","og_site_name":"Notibras","article_publisher":"https:\/\/www.facebook.com\/notibras\/","article_published_time":"2025-05-14T03:35:04+00:00","article_modified_time":"2025-05-14T03:36:44+00:00","og_image":[{"width":1170,"height":700,"url":"https:\/\/www.notibras.com\/site\/wp-content\/uploads\/2025\/05\/mujica03.webp","type":"image\/webp"}],"author":"Reda\u00e7\u00e3o","twitter_card":"summary_large_image","twitter_creator":"@Notibras","twitter_site":"@Notibras","twitter_misc":{"Escrito por":"Reda\u00e7\u00e3o","Est. tempo de leitura":"3 minutos"},"schema":{"@context":"https:\/\/schema.org","@graph":[{"@type":"Article","@id":"https:\/\/www.notibras.com\/site\/lula-chega-a-noite-da-china-e-viaja-na-quinta-para-velorio-de-mujica\/#article","isPartOf":{"@id":"https:\/\/www.notibras.com\/site\/lula-chega-a-noite-da-china-e-viaja-na-quinta-para-velorio-de-mujica\/"},"author":{"name":"Reda\u00e7\u00e3o","@id":"https:\/\/www.notibras.com\/site\/#\/schema\/person\/36ab0979449956132d3e5b517ea76ac8"},"headline":"Lula chega \u00e0 noite da China e viaja na quinta para vel\u00f3rio de Mujica","datePublished":"2025-05-14T03:35:04+00:00","dateModified":"2025-05-14T03:36:44+00:00","mainEntityOfPage":{"@id":"https:\/\/www.notibras.com\/site\/lula-chega-a-noite-da-china-e-viaja-na-quinta-para-velorio-de-mujica\/"},"wordCount":407,"publisher":{"@id":"https:\/\/www.notibras.com\/site\/#organization"},"image":{"@id":"https:\/\/www.notibras.com\/site\/lula-chega-a-noite-da-china-e-viaja-na-quinta-para-velorio-de-mujica\/#primaryimage"},"thumbnailUrl":"https:\/\/www.notibras.com\/site\/wp-content\/uploads\/2025\/05\/mujica03.webp","keywords":["capa"],"articleSection":["Brasil"],"inLanguage":"pt-BR"},{"@type":"WebPage","@id":"https:\/\/www.notibras.com\/site\/lula-chega-a-noite-da-china-e-viaja-na-quinta-para-velorio-de-mujica\/","url":"https:\/\/www.notibras.com\/site\/lula-chega-a-noite-da-china-e-viaja-na-quinta-para-velorio-de-mujica\/","name":"Lula chega \u00e0 noite da China e viaja na quinta para vel\u00f3rio de Mujica - Notibras","isPartOf":{"@id":"https:\/\/www.notibras.com\/site\/#website"},"primaryImageOfPage":{"@id":"https:\/\/www.notibras.com\/site\/lula-chega-a-noite-da-china-e-viaja-na-quinta-para-velorio-de-mujica\/#primaryimage"},"image":{"@id":"https:\/\/www.notibras.com\/site\/lula-chega-a-noite-da-china-e-viaja-na-quinta-para-velorio-de-mujica\/#primaryimage"},"thumbnailUrl":"https:\/\/www.notibras.com\/site\/wp-content\/uploads\/2025\/05\/mujica03.webp","datePublished":"2025-05-14T03:35:04+00:00","dateModified":"2025-05-14T03:36:44+00:00","breadcrumb":{"@id":"https:\/\/www.notibras.com\/site\/lula-chega-a-noite-da-china-e-viaja-na-quinta-para-velorio-de-mujica\/#breadcrumb"},"inLanguage":"pt-BR","potentialAction":[{"@type":"ReadAction","target":["https:\/\/www.notibras.com\/site\/lula-chega-a-noite-da-china-e-viaja-na-quinta-para-velorio-de-mujica\/"]}]},{"@type":"ImageObject","inLanguage":"pt-BR","@id":"https:\/\/www.notibras.com\/site\/lula-chega-a-noite-da-china-e-viaja-na-quinta-para-velorio-de-mujica\/#primaryimage","url":"https:\/\/www.notibras.com\/site\/wp-content\/uploads\/2025\/05\/mujica03.webp","contentUrl":"https:\/\/www.notibras.com\/site\/wp-content\/uploads\/2025\/05\/mujica03.webp","width":1170,"height":700},{"@type":"BreadcrumbList","@id":"https:\/\/www.notibras.com\/site\/lula-chega-a-noite-da-china-e-viaja-na-quinta-para-velorio-de-mujica\/#breadcrumb","itemListElement":[{"@type":"ListItem","position":1,"name":"In\u00edcio","item":"https:\/\/www.notibras.com\/site\/"},{"@type":"ListItem","position":2,"name":"Lula chega \u00e0 noite da China e viaja na quinta para vel\u00f3rio de Mujica"}]},{"@type":"WebSite","@id":"https:\/\/www.notibras.com\/site\/#website","url":"https:\/\/www.notibras.com\/site\/","name":"Notibras","description":"Not\u00edcias de Bras\u00edlia, do Brasil e do Mundo","publisher":{"@id":"https:\/\/www.notibras.com\/site\/#organization"},"potentialAction":[{"@type":"SearchAction","target":{"@type":"EntryPoint","urlTemplate":"https:\/\/www.notibras.com\/site\/?s={search_term_string}"},"query-input":{"@type":"PropertyValueSpecification","valueRequired":true,"valueName":"search_term_string"}}],"inLanguage":"pt-BR"},{"@type":"Organization","@id":"https:\/\/www.notibras.com\/site\/#organization","name":"Grupo Notibras de Comunica\u00e7\u00e3o","url":"https:\/\/www.notibras.com\/site\/","logo":{"@type":"ImageObject","inLanguage":"pt-BR","@id":"https:\/\/www.notibras.com\/site\/#\/schema\/logo\/image\/","url":"https:\/\/www.notibras.com\/site\/wp-content\/uploads\/2023\/01\/notibras23.png","contentUrl":"https:\/\/www.notibras.com\/site\/wp-content\/uploads\/2023\/01\/notibras23.png","width":350,"height":87,"caption":"Grupo Notibras de Comunica\u00e7\u00e3o"},"image":{"@id":"https:\/\/www.notibras.com\/site\/#\/schema\/logo\/image\/"},"sameAs":["https:\/\/www.facebook.com\/notibras\/","https:\/\/x.com\/Notibras","https:\/\/www.instagram.com\/notibras\/"]},{"@type":"Person","@id":"https:\/\/www.notibras.com\/site\/#\/schema\/person\/36ab0979449956132d3e5b517ea76ac8","name":"Reda\u00e7\u00e3o","image":{"@type":"ImageObject","inLanguage":"pt-BR","@id":"https:\/\/secure.gravatar.com\/avatar\/e0a867bdedb85fd243eadf09663511f96fc81e0720a4a42581f334ad4303aa6b?s=96&d=mm&r=g","url":"https:\/\/secure.gravatar.com\/avatar\/e0a867bdedb85fd243eadf09663511f96fc81e0720a4a42581f334ad4303aa6b?s=96&d=mm&r=g","contentUrl":"https:\/\/secure.gravatar.com\/avatar\/e0a867bdedb85fd243eadf09663511f96fc81e0720a4a42581f334ad4303aa6b?s=96&d=mm&r=g","caption":"Reda\u00e7\u00e3o"}}]}},"amp_enabled":true,"_links":{"self":[{"href":"https:\/\/www.notibras.com\/site\/wp-json\/wp\/v2\/posts\/353869","targetHints":{"allow":["GET"]}}],"collection":[{"href":"https:\/\/www.notibras.com\/site\/wp-json\/wp\/v2\/posts"}],"about":[{"href":"https:\/\/www.notibras.com\/site\/wp-json\/wp\/v2\/types\/post"}],"author":[{"embeddable":true,"href":"https:\/\/www.notibras.com\/site\/wp-json\/wp\/v2\/users\/2"}],"replies":[{"embeddable":true,"href":"https:\/\/www.notibras.com\/site\/wp-json\/wp\/v2\/comments?post=353869"}],"version-history":[{"count":2,"href":"https:\/\/www.notibras.com\/site\/wp-json\/wp\/v2\/posts\/353869\/revisions"}],"predecessor-version":[{"id":353872,"href":"https:\/\/www.notibras.com\/site\/wp-json\/wp\/v2\/posts\/353869\/revisions\/353872"}],"wp:featuredmedia":[{"embeddable":true,"href":"https:\/\/www.notibras.com\/site\/wp-json\/wp\/v2\/media\/353870"}],"wp:attachment":[{"href":"https:\/\/www.notibras.com\/site\/wp-json\/wp\/v2\/media?parent=353869"}],"wp:term":[{"taxonomy":"category","embeddable":true,"href":"https:\/\/www.notibras.com\/site\/wp-json\/wp\/v2\/categories?post=353869"},{"taxonomy":"post_tag","embeddable":true,"href":"https:\/\/www.notibras.com\/site\/wp-json\/wp\/v2\/tags?post=353869"}],"curies":[{"name":"wp","href":"https:\/\/api.w.org\/{rel}","templated":true}]}}