{"id":353897,"date":"2025-05-14T08:08:57","date_gmt":"2025-05-14T11:08:57","guid":{"rendered":"https:\/\/www.notibras.com\/site\/?p=353897"},"modified":"2025-05-14T09:00:35","modified_gmt":"2025-05-14T12:00:35","slug":"medium-divaldo-franco-morre-em-salvador","status":"publish","type":"post","link":"https:\/\/www.notibras.com\/site\/medium-divaldo-franco-morre-em-salvador\/","title":{"rendered":"M\u00e9dium Divaldo Franco morre em Salvador"},"content":{"rendered":"<p>O m\u00e9dium baiano Divaldo Franco morreu, na noite desta ter\u00e7a-feira (13), aos 98 anos, em Salvador. Segundo a Mans\u00e3o do Caminho, institui\u00e7\u00e3o esp\u00edrita fundada por ele em 1952, ele faleceu \u00e0s 21h45.<\/p>\n<p>O vel\u00f3rio ser\u00e1 realizado nesta quarta-feira (14), no Gin\u00e1sio da Mans\u00e3o do Caminho, das 9h \u00e0s 20h, na capital baiana. O enterro ser\u00e1 na quinta-feira (15), \u00e0s 10h, no Cemit\u00e9rio Bosque da Paz, na mesma cidade.<\/p>\n<p>Nascido em 5 de maio de 1927, em Feira de Santana (BA), Divaldo Franco era o mais novo de 13 irm\u00e3os.<\/p>\n<p>Segundo sua biografia oficial, o m\u00e9dium teve sua primeira experi\u00eancia espiritual aos 4 anos de idade, quando teria conversado com sua j\u00e1 falecida av\u00f3.<\/p>\n<p>Em 1947, fundou seu primeiro centro esp\u00edrita, o Caminho da Reden\u00e7\u00e3o, juntamente com Nilson Pereira de Souza, que morreu em 2013. Os dois fundariam a Mans\u00e3o do Caminho cinco anos depois.<\/p>\n<p>De acordo com a Mans\u00e3o do Caminho, Divaldo fez mais de 20 mil confer\u00eancias, em 2,5 mil cidades de 71 pa\u00edses.<\/p>\n<p>Publicou cerca de 260 obras, que venderam mais de 10 milh\u00f5es de exemplares e foram traduzidas para 17 idiomas.<\/p>\n","protected":false},"excerpt":{"rendered":"<p>O m\u00e9dium baiano Divaldo Franco morreu, na noite desta ter\u00e7a-feira (13), aos 98 anos, em Salvador. Segundo a Mans\u00e3o do Caminho, institui\u00e7\u00e3o esp\u00edrita fundada por ele em 1952, ele faleceu \u00e0s 21h45. O vel\u00f3rio ser\u00e1 realizado nesta quarta-feira (14), no Gin\u00e1sio da Mans\u00e3o do Caminho, das 9h \u00e0s 20h, na capital baiana. O enterro ser\u00e1 [&hellip;]<\/p>\n","protected":false},"author":2,"featured_media":353898,"comment_status":"closed","ping_status":"closed","sticky":false,"template":"","format":"standard","meta":{"_acf_changed":false,"footnotes":""},"categories":[165],"tags":[],"class_list":["post-353897","post","type-post","status-publish","format-standard","has-post-thumbnail","hentry","category-nordeste"],"acf":[],"_links":{"self":[{"href":"https:\/\/www.notibras.com\/site\/wp-json\/wp\/v2\/posts\/353897","targetHints":{"allow":["GET"]}}],"collection":[{"href":"https:\/\/www.notibras.com\/site\/wp-json\/wp\/v2\/posts"}],"about":[{"href":"https:\/\/www.notibras.com\/site\/wp-json\/wp\/v2\/types\/post"}],"author":[{"embeddable":true,"href":"https:\/\/www.notibras.com\/site\/wp-json\/wp\/v2\/users\/2"}],"replies":[{"embeddable":true,"href":"https:\/\/www.notibras.com\/site\/wp-json\/wp\/v2\/comments?post=353897"}],"version-history":[{"count":1,"href":"https:\/\/www.notibras.com\/site\/wp-json\/wp\/v2\/posts\/353897\/revisions"}],"predecessor-version":[{"id":353899,"href":"https:\/\/www.notibras.com\/site\/wp-json\/wp\/v2\/posts\/353897\/revisions\/353899"}],"wp:featuredmedia":[{"embeddable":true,"href":"https:\/\/www.notibras.com\/site\/wp-json\/wp\/v2\/media\/353898"}],"wp:attachment":[{"href":"https:\/\/www.notibras.com\/site\/wp-json\/wp\/v2\/media?parent=353897"}],"wp:term":[{"taxonomy":"category","embeddable":true,"href":"https:\/\/www.notibras.com\/site\/wp-json\/wp\/v2\/categories?post=353897"},{"taxonomy":"post_tag","embeddable":true,"href":"https:\/\/www.notibras.com\/site\/wp-json\/wp\/v2\/tags?post=353897"}],"curies":[{"name":"wp","href":"https:\/\/api.w.org\/{rel}","templated":true}]}}