{"id":353906,"date":"2025-05-14T00:26:56","date_gmt":"2025-05-14T03:26:56","guid":{"rendered":"https:\/\/www.notibras.com\/site\/?p=353906"},"modified":"2025-05-14T09:29:25","modified_gmt":"2025-05-14T12:29:25","slug":"paulooctavio-comeca-a-erguer-mais-uma-obra-de-mansoes-sobre-pilotis","status":"publish","type":"post","link":"https:\/\/www.notibras.com\/site\/paulooctavio-comeca-a-erguer-mais-uma-obra-de-mansoes-sobre-pilotis\/","title":{"rendered":"PauloOctavio come\u00e7a a erguer mais uma obra de mans\u00f5es sobre pilotis"},"content":{"rendered":"<p>A PaulOOctavio acaba de lan\u00e7ar seu mais novo empreendimento no cora\u00e7\u00e3o da Asa Norte. O Residencial Souza Prudente est\u00e1 sendo erguido na SQN 109 e oferecer\u00e1 exclusividade, conforto e localiza\u00e7\u00e3o privilegiada aos compradores e investidores. A solenidade de lan\u00e7amento contou com a presen\u00e7a do pr\u00f3prio desembargador Ant\u00f4nio Souza Prudente, do Tribunal Regional Federal da 1\u00aa Regi\u00e3o (TRF1), que se aposentou em junho de 2023, ap\u00f3s 40 anos na magistratura federal.<\/p>\n<p>Sergipano de nascimento, o desembargador veio para Bras\u00edlia em 1982, construindo uma carreira como juiz e desembargador federal, com atua\u00e7\u00e3o destacada em direitos humanos e ambientais. Mestre, p\u00f3s-doutor e membro de delega\u00e7\u00f5es da Organiza\u00e7\u00e3o das Na\u00e7\u00f5es Unidas (ONU), tamb\u00e9m foi professor, escritor e defensor ativo do plano urban\u00edstico de Bras\u00edlia. Hoje, dedica-se \u00e0 poesia, com a constru\u00e7\u00e3o de sonetos que mant\u00e9m vivo seu compromisso com a cidade e com a vida p\u00fablica.<\/p>\n<p>Em seu pronunciamento no lan\u00e7amento do edif\u00edcio, Souza Prudente agradeceu o reconhecimento feito pela empresa. \u201c\u00c9 uma grande honra receber esta homenagem da empresa e da fam\u00edlia Kubitschek, aqui representada pelo ilustre Felipe Kubitschek, bisneto do fundador de Bras\u00edlia e filho deste fant\u00e1stico empres\u00e1rio e pol\u00edtico de elite, o ex-senador Paulo Oct\u00e1vio\u201d, disse.<\/p>\n<p>&#8220;Quando fui convidado para receber esta homenagem, que sem d\u00favida \u00e9 eterna, foi de uma emo\u00e7\u00e3o e uma surpresa satisfat\u00f3rias. J\u00e1 me tornei cidad\u00e3o honor\u00e1rio de Bras\u00edlia pelo que pude fazer como magistrado federal nesta bel\u00edssima cidade capital do Brasil\u201d, contou.<\/p>\n<p>A seu lado, o CFO das Organiza\u00e7\u00f5es PaulOOctavio, Felipe Kubitschek Pereira, refor\u00e7ou a import\u00e2ncia do desembargador na vida de Bras\u00edlia. \u201cFoi muito bom conhecer a sua hist\u00f3ria, conviver com o senhor mais de perto. A gente vem conversando com os propriet\u00e1rios desse pr\u00e9dio que carrega o seu nome, e muitos foram seus alunos. A gente ouviu hist\u00f3rias deles, que est\u00e3o superfelizes de saber que o senhor foi homenageado\u201d, afirmou.<\/p>\n<p>&#8220;Receber esses retornos est\u00e1 sendo valoroso para n\u00f3s, pois eles entendem que essa \u00e9 uma homenagem mais que merecida. A Asa Norte \u00e9 um bairro seguro, verde, com pr\u00e9dios bons e infraestrutura. E no entorno do Residencial Souza Prudente h\u00e1 um com\u00e9rcio maravilhoso, no qual se consegue fazer as coisas andando\u201d, completou.<\/p>\n<p><strong>O residencial<\/strong><br \/>\nCom plantas amplas, que v\u00e3o de 100m\u00b2 at\u00e9 205m\u00b2, o Residencial Souza Prudente ter\u00e1 apartamentos e coberturas duplex com su\u00edte, acabamentos de alto padr\u00e3o, design contempor\u00e2neo e espa\u00e7os integrados. Os elevadores privativo s\u00e3o um dos grandes diferenciais, assim com as \u00e1reas comuns sofisticadas.<\/p>\n<p>O projeto foi desenvolvido pela arquiteta Talita Monte, da PaulOOctavio, e privilegia fam\u00edlias que valorizam qualidade de vida em um im\u00f3vel com alto potencial de valoriza\u00e7\u00e3o.<\/p>\n","protected":false},"excerpt":{"rendered":"<p>A PaulOOctavio acaba de lan\u00e7ar seu mais novo empreendimento no cora\u00e7\u00e3o da Asa Norte. O Residencial Souza Prudente est\u00e1 sendo erguido na SQN 109 e oferecer\u00e1 exclusividade, conforto e localiza\u00e7\u00e3o privilegiada aos compradores e investidores. A solenidade de lan\u00e7amento contou com a presen\u00e7a do pr\u00f3prio desembargador Ant\u00f4nio Souza Prudente, do Tribunal Regional Federal da 1\u00aa [&hellip;]<\/p>\n","protected":false},"author":2,"featured_media":353907,"comment_status":"closed","ping_status":"closed","sticky":false,"template":"","format":"standard","meta":{"_acf_changed":false,"footnotes":""},"categories":[161],"tags":[],"class_list":["post-353906","post","type-post","status-publish","format-standard","has-post-thumbnail","hentry","category-quadradinho-em-foco"],"acf":[],"_links":{"self":[{"href":"https:\/\/www.notibras.com\/site\/wp-json\/wp\/v2\/posts\/353906","targetHints":{"allow":["GET"]}}],"collection":[{"href":"https:\/\/www.notibras.com\/site\/wp-json\/wp\/v2\/posts"}],"about":[{"href":"https:\/\/www.notibras.com\/site\/wp-json\/wp\/v2\/types\/post"}],"author":[{"embeddable":true,"href":"https:\/\/www.notibras.com\/site\/wp-json\/wp\/v2\/users\/2"}],"replies":[{"embeddable":true,"href":"https:\/\/www.notibras.com\/site\/wp-json\/wp\/v2\/comments?post=353906"}],"version-history":[{"count":1,"href":"https:\/\/www.notibras.com\/site\/wp-json\/wp\/v2\/posts\/353906\/revisions"}],"predecessor-version":[{"id":353908,"href":"https:\/\/www.notibras.com\/site\/wp-json\/wp\/v2\/posts\/353906\/revisions\/353908"}],"wp:featuredmedia":[{"embeddable":true,"href":"https:\/\/www.notibras.com\/site\/wp-json\/wp\/v2\/media\/353907"}],"wp:attachment":[{"href":"https:\/\/www.notibras.com\/site\/wp-json\/wp\/v2\/media?parent=353906"}],"wp:term":[{"taxonomy":"category","embeddable":true,"href":"https:\/\/www.notibras.com\/site\/wp-json\/wp\/v2\/categories?post=353906"},{"taxonomy":"post_tag","embeddable":true,"href":"https:\/\/www.notibras.com\/site\/wp-json\/wp\/v2\/tags?post=353906"}],"curies":[{"name":"wp","href":"https:\/\/api.w.org\/{rel}","templated":true}]}}