{"id":353912,"date":"2025-05-14T00:00:41","date_gmt":"2025-05-14T03:00:41","guid":{"rendered":"https:\/\/www.notibras.com\/site\/?p=353912"},"modified":"2025-05-14T09:48:32","modified_gmt":"2025-05-14T12:48:32","slug":"buriti-investe-em-lazer-e-entrega-tres-novos-parques-infantis","status":"publish","type":"post","link":"https:\/\/www.notibras.com\/site\/buriti-investe-em-lazer-e-entrega-tres-novos-parques-infantis\/","title":{"rendered":"Buriti investe em lazer e entrega tr\u00eas novos parques infantis"},"content":{"rendered":"<p>Brazl\u00e2ndia ganhou um novo parque infantil na orla do Lago Veredinha. Com tr\u00eas equipamentos entregues em apenas uma semana, a iniciativa refor\u00e7a a import\u00e2ncia do lazer no desenvolvimento infantil, ao estimular criatividade, autonomia, socializa\u00e7\u00e3o e pr\u00e1tica de atividade f\u00edsica, al\u00e9m de fortalecer o senso de comunidade. O Governo do Distrito Federal (GDF) investiu cerca de R$ 500 mil nas obras, que incluem alambrado, areia, instala\u00e7\u00e3o dos brinquedos e toda a zeladoria no entorno. A expectativa \u00e9 de atender em m\u00e9dia 2 mil crian\u00e7as diariamente.<\/p>\n<p>Os playgrounds ficam na Orla do Lago Veredinha, na Quadra 37 da Vila S\u00e3o Jos\u00e9, ao lado da Feirinha, e na Quadra 03 do Setor Veredas. Dois deles utilizam madeira pl\u00e1stica, um material inovador e ecol\u00f3gico que oferece vantagens como resist\u00eancia, seguran\u00e7a e sustentabilidade, no mesmo padr\u00e3o adotado pelo Zool\u00f3gico de Bras\u00edlia. Esse material tem a durabilidade de at\u00e9 10 anos, n\u00e3o apodrece nem permite a prolifera\u00e7\u00e3o de microrganismos. Resistente a cupins, fungos, umidade, sol, chuva, poeira e corros\u00e3o, tamb\u00e9m garante seguran\u00e7a por n\u00e3o soltar farpas, n\u00e3o rachar e exigir baixa manuten\u00e7\u00e3o. Al\u00e9m disso, \u00e9 feita com materiais recicl\u00e1veis, contribui para a preserva\u00e7\u00e3o do meio ambiente e refor\u00e7a o compromisso com a sustentabilidade.<\/p>\n<p>Segundo a administradora regional de Brazl\u00e2ndia, Luciana Ferreira, a orla do lago \u00e9 o cart\u00e3o-postal da cidade. \u201cSempre que pensamos em uma nova obra para valorizar a cidade, a orla vem como prioridade. Al\u00e9m disso, identificamos espa\u00e7os que estavam sem uso e aqui, por exemplo, n\u00e3o havia nenhuma \u00e1rea voltada para as crian\u00e7as. Com isso, priorizamos os lugares de maior circula\u00e7\u00e3o e visibilidade. Foi assim que definimos esses tr\u00eas pontos principais\u201d, conta.<\/p>\n<p>\u201cAs pessoas perguntam se tem que pagar para entrar. E eu respondo: n\u00e3o, \u00e9 de gra\u00e7a! E elas se surpreendem, n\u00e3o est\u00e3o acostumadas a ter acesso a um espa\u00e7o bonito, de qualidade, sem precisar pagar. Quando o governo entrega algo assim gratuitamente para a popula\u00e7\u00e3o, o impacto \u00e9 enorme\u201d, ressalta Luciana.<\/p>\n<p>Para a professora Mirian dos Santos, 52, o parquinho \u00e9 fundamental para o desenvolvimento das crian\u00e7as, pois, al\u00e9m de oferecer lazer, contribui para a rotina das fam\u00edlias em Brazl\u00e2ndia, porque a cidade ainda tem poucas op\u00e7\u00f5es de lazer voltadas para crian\u00e7as e adolescentes. \u201cEsse espa\u00e7o veio justamente para preencher essa lacuna e tornar o dia mais divertido para as crian\u00e7as e tamb\u00e9m traz mais tranquilidade para os pais\u201d, destaca. Mirian tamb\u00e9m percebeu que o parquinho \u00e9 feito com um material mais seguro. \u201cO parque \u00e9 planejado e bem-estruturado, ent\u00e3o, para mim, esse parquinho representa seguran\u00e7a, bem-estar e um espa\u00e7o saud\u00e1vel para nossas crian\u00e7as.\u201d<\/p>\n<p>O aumento da circula\u00e7\u00e3o de pessoas tamb\u00e9m \u00e9 um ponto de destaque para o com\u00e9rcio local. O comerciante Rold\u00e3o Filho, 61, ressalta que o Lago Veredinha j\u00e1 era muito frequentado, mas agora acredita que a comunidade vai passar mais por l\u00e1. \u201cIsso movimenta tudo, porque atrai mais visitantes, traz gente de fora, como o pessoal de Taguatinga, Ceil\u00e2ndia, \u00c1guas Lindas, movimenta a cidade inteira. \u00c9 algo que vai fazer uma diferen\u00e7a enorme. Pode parecer simples, mas \u00e9 muito significativo\u201d, destaca.<\/p>\n<p><strong>Investimentos na cidade<\/strong><br \/>\nReconhecida como uma das principais respons\u00e1veis pelo abastecimento hortifrutigranjeiro do Distrito Federal, Brazl\u00e2ndia tem recebido uma s\u00e9rie de interven\u00e7\u00f5es para ampliar a infraestrutura e garantir mais conforto e seguran\u00e7a aos moradores e produtores agr\u00edcolas da regi\u00e3o.<\/p>\n<p>Em agosto do ano passado, o governador Ibaneis Rocha entregou duas importantes obras que beneficiam os 23 mil habitantes da \u00e1rea rural: a nova ponte em concreto do C\u00f3rrego do Pulador e a pavimenta\u00e7\u00e3o do acesso \u00e0 Escola Classe Chapadinha. Juntas, as melhorias somam mais de R$ 2,2 milh\u00f5es em investimentos.<\/p>\n<p>Outras a\u00e7\u00f5es tamb\u00e9m avan\u00e7aram na cidade, como os reparos nas rodovias DF-220 e na DF-180, a duplica\u00e7\u00e3o da BR-080 e a reconstru\u00e7\u00e3o do Hospital Regional de Brazl\u00e2ndia.<\/p>\n","protected":false},"excerpt":{"rendered":"<p>Brazl\u00e2ndia ganhou um novo parque infantil na orla do Lago Veredinha. Com tr\u00eas equipamentos entregues em apenas uma semana, a iniciativa refor\u00e7a a import\u00e2ncia do lazer no desenvolvimento infantil, ao estimular criatividade, autonomia, socializa\u00e7\u00e3o e pr\u00e1tica de atividade f\u00edsica, al\u00e9m de fortalecer o senso de comunidade. O Governo do Distrito Federal (GDF) investiu cerca de [&hellip;]<\/p>\n","protected":false},"author":2,"featured_media":353913,"comment_status":"closed","ping_status":"closed","sticky":false,"template":"","format":"standard","meta":{"_acf_changed":false,"footnotes":""},"categories":[161],"tags":[],"class_list":["post-353912","post","type-post","status-publish","format-standard","has-post-thumbnail","hentry","category-quadradinho-em-foco"],"acf":[],"_links":{"self":[{"href":"https:\/\/www.notibras.com\/site\/wp-json\/wp\/v2\/posts\/353912","targetHints":{"allow":["GET"]}}],"collection":[{"href":"https:\/\/www.notibras.com\/site\/wp-json\/wp\/v2\/posts"}],"about":[{"href":"https:\/\/www.notibras.com\/site\/wp-json\/wp\/v2\/types\/post"}],"author":[{"embeddable":true,"href":"https:\/\/www.notibras.com\/site\/wp-json\/wp\/v2\/users\/2"}],"replies":[{"embeddable":true,"href":"https:\/\/www.notibras.com\/site\/wp-json\/wp\/v2\/comments?post=353912"}],"version-history":[{"count":3,"href":"https:\/\/www.notibras.com\/site\/wp-json\/wp\/v2\/posts\/353912\/revisions"}],"predecessor-version":[{"id":353916,"href":"https:\/\/www.notibras.com\/site\/wp-json\/wp\/v2\/posts\/353912\/revisions\/353916"}],"wp:featuredmedia":[{"embeddable":true,"href":"https:\/\/www.notibras.com\/site\/wp-json\/wp\/v2\/media\/353913"}],"wp:attachment":[{"href":"https:\/\/www.notibras.com\/site\/wp-json\/wp\/v2\/media?parent=353912"}],"wp:term":[{"taxonomy":"category","embeddable":true,"href":"https:\/\/www.notibras.com\/site\/wp-json\/wp\/v2\/categories?post=353912"},{"taxonomy":"post_tag","embeddable":true,"href":"https:\/\/www.notibras.com\/site\/wp-json\/wp\/v2\/tags?post=353912"}],"curies":[{"name":"wp","href":"https:\/\/api.w.org\/{rel}","templated":true}]}}