{"id":353944,"date":"2025-05-15T03:28:27","date_gmt":"2025-05-15T06:28:27","guid":{"rendered":"https:\/\/www.notibras.com\/site\/?p=353944"},"modified":"2025-05-15T03:29:32","modified_gmt":"2025-05-15T06:29:32","slug":"como-o-nordeste-se-prepara-para-chegada-do-inverno","status":"publish","type":"post","link":"https:\/\/www.notibras.com\/site\/como-o-nordeste-se-prepara-para-chegada-do-inverno\/","title":{"rendered":"Como o Nordeste se prepara para chegada do &#8216;Inverno&#8217;"},"content":{"rendered":"<p>Quando o calend\u00e1rio aponta para os meses de junho a agosto, o Brasil entra no inverno. No Sul e Sudeste, as temperaturas despencam, o vento gela a pele e os casacos saem dos arm\u00e1rios. No Nordeste, por\u00e9m, o chamado &#8220;inverno&#8221; \u00e9 bem diferente. Sem neve, sem geada, e com term\u00f4metros que raramente descem dos 20 graus, a esta\u00e7\u00e3o mais fria do ano assume outra identidade na regi\u00e3o: \u00e9 tempo de chuva, de festas e de umidade no ar.<\/p>\n<p>Para a maioria dos nordestinos, o inverno n\u00e3o significa frio, mas sim o in\u00edcio do per\u00edodo chuvoso. Em estados como Pernambuco, Para\u00edba, Cear\u00e1 e Rio Grande do Norte, a esta\u00e7\u00e3o \u00e9 marcada por pancadas regulares de chuva que aliviam o calor intenso do ver\u00e3o e s\u00e3o cruciais para a agricultura e o abastecimento de \u00e1gua.<\/p>\n<p>\u201cNo sert\u00e3o, a chuva \u00e9 o verdadeiro inverno. Quando ela chega, a vida floresce\u201d, diz Maria das Dores, agricultora em Juazeiro do Norte (CE). \u201cA gente n\u00e3o sente frio, mas sente esperan\u00e7a.\u201d<\/p>\n<p>Apesar da aus\u00eancia de frio rigoroso, os impactos do &#8220;inverno&#8221; nordestino exigem prepara\u00e7\u00e3o. Nas capitais litor\u00e2neas como Recife e Salvador, as chuvas intensas causam alagamentos, deslizamentos de encostas e transtornos no tr\u00e2nsito. Prefeituras investem em obras de conten\u00e7\u00e3o, drenagem e campanhas de conscientiza\u00e7\u00e3o para evitar desastres.<\/p>\n<p>\u201cEstamos refor\u00e7ando o monitoramento de \u00e1reas de risco e ampliando as equipes de resposta a emerg\u00eancias\u201d, afirma Carla Lima, coordenadora da Defesa Civil de Macei\u00f3 (AL). \u201cA maior preocupa\u00e7\u00e3o n\u00e3o \u00e9 o frio, mas os efeitos das chuvas.\u201d<\/p>\n<p><strong>O calor humano do S\u00e3o Jo\u00e3o<\/strong><br \/>\nEnquanto o frio \u00e9 destaque em outras regi\u00f5es do Brasil, no Nordeste, o \u201cinverno\u201d \u00e9 sin\u00f4nimo de celebra\u00e7\u00e3o. As festas juninas tomam conta das cidades, com fogueiras, forr\u00f3, quadrilhas e comidas t\u00edpicas. Campina Grande (PB) e Caruaru (PE) disputam o t\u00edtulo de maior S\u00e3o Jo\u00e3o do mundo, atraindo milhares de turistas.<\/p>\n<p>\u201cO inverno aqui \u00e9 quente de outra forma: \u00e9 o calor humano, a alegria do povo, a tradi\u00e7\u00e3o que aquece o cora\u00e7\u00e3o\u201d, resume o m\u00fasico Z\u00e9 do Forr\u00f3, que toca em festas juninas h\u00e1 mais de 20 anos.<\/p>\n<p>Segundo previs\u00f5es do Instituto Nacional de Meteorologia (INMET), o inverno de 2025 deve manter o padr\u00e3o dos \u00faltimos anos: chuvas concentradas no litoral e interior semi\u00e1rido com precipita\u00e7\u00e3o abaixo da m\u00e9dia. O fen\u00f4meno El Ni\u00f1o, ainda presente, pode afetar o volume das chuvas.<\/p>\n<p>Para os nordestinos, no entanto, a esta\u00e7\u00e3o \u00e9 menos sobre meteorologia e mais sobre identidade cultural. \u201cA gente n\u00e3o precisa de frio para sentir o inverno. A gente sente ele no cheiro da terra molhada, no barulho da sanfona e na esperan\u00e7a de um ano melhor\u201d, conclui Maria das Dores.<\/p>\n","protected":false},"excerpt":{"rendered":"<p>Quando o calend\u00e1rio aponta para os meses de junho a agosto, o Brasil entra no inverno. No Sul e Sudeste, as temperaturas despencam, o vento gela a pele e os casacos saem dos arm\u00e1rios. No Nordeste, por\u00e9m, o chamado &#8220;inverno&#8221; \u00e9 bem diferente. Sem neve, sem geada, e com term\u00f4metros que raramente descem dos 20 [&hellip;]<\/p>\n","protected":false},"author":2,"featured_media":353945,"comment_status":"closed","ping_status":"closed","sticky":false,"template":"","format":"standard","meta":{"_acf_changed":false,"footnotes":""},"categories":[165],"tags":[],"class_list":["post-353944","post","type-post","status-publish","format-standard","has-post-thumbnail","hentry","category-nordeste"],"acf":[],"_links":{"self":[{"href":"https:\/\/www.notibras.com\/site\/wp-json\/wp\/v2\/posts\/353944","targetHints":{"allow":["GET"]}}],"collection":[{"href":"https:\/\/www.notibras.com\/site\/wp-json\/wp\/v2\/posts"}],"about":[{"href":"https:\/\/www.notibras.com\/site\/wp-json\/wp\/v2\/types\/post"}],"author":[{"embeddable":true,"href":"https:\/\/www.notibras.com\/site\/wp-json\/wp\/v2\/users\/2"}],"replies":[{"embeddable":true,"href":"https:\/\/www.notibras.com\/site\/wp-json\/wp\/v2\/comments?post=353944"}],"version-history":[{"count":2,"href":"https:\/\/www.notibras.com\/site\/wp-json\/wp\/v2\/posts\/353944\/revisions"}],"predecessor-version":[{"id":353947,"href":"https:\/\/www.notibras.com\/site\/wp-json\/wp\/v2\/posts\/353944\/revisions\/353947"}],"wp:featuredmedia":[{"embeddable":true,"href":"https:\/\/www.notibras.com\/site\/wp-json\/wp\/v2\/media\/353945"}],"wp:attachment":[{"href":"https:\/\/www.notibras.com\/site\/wp-json\/wp\/v2\/media?parent=353944"}],"wp:term":[{"taxonomy":"category","embeddable":true,"href":"https:\/\/www.notibras.com\/site\/wp-json\/wp\/v2\/categories?post=353944"},{"taxonomy":"post_tag","embeddable":true,"href":"https:\/\/www.notibras.com\/site\/wp-json\/wp\/v2\/tags?post=353944"}],"curies":[{"name":"wp","href":"https:\/\/api.w.org\/{rel}","templated":true}]}}