{"id":353953,"date":"2025-05-15T00:23:50","date_gmt":"2025-05-15T03:23:50","guid":{"rendered":"https:\/\/www.notibras.com\/site\/?p=353953"},"modified":"2025-05-15T10:25:53","modified_gmt":"2025-05-15T13:25:53","slug":"terraco-shopping-promove-11a-edicao-do-bazar-de-artesanato","status":"publish","type":"post","link":"https:\/\/www.notibras.com\/site\/terraco-shopping-promove-11a-edicao-do-bazar-de-artesanato\/","title":{"rendered":"Terra\u00e7o Shopping promove 11\u00aa edi\u00e7\u00e3o do Bazar de Artesanato"},"content":{"rendered":"<p>Bras\u00edlia \u00e9 a concentra\u00e7\u00e3o de pessoas do Brasil inteiro e o artesanato local reflete esta caracter\u00edstica, trazendo refer\u00eancias de todos os cantos do pa\u00eds. E para celebrar esta diversidade dos artes\u00f5es e da cultura local, o Terra\u00e7o Shopping ter\u00e1, de 15 a 18 de maio, mais uma edi\u00e7\u00e3o do Bazar de Artesanato. A curadoria do evento trouxe 20 expositores talentosos e uma oportunidade imperd\u00edvel de explorar a habilidade das artes de Bras\u00edlia.<\/p>\n<p>O evento, que acontece na Pra\u00e7a da Leitura, contar\u00e1 com uma variedade de produtos artesanais \u00fanicos, que incluir\u00e3o costuras criativas, la\u00e7os infantis, quadros personalizados, doces, queijos, mandalas, tapetes de l\u00e1grima, kokedamas, ch\u00e1s org\u00e2nicos e \u00f3leos essenciais.<\/p>\n<p>Cada expositor traz consigo a paix\u00e3o e o talento que fazem do artesanato uma das formas de arte mais valorizadas no mundo. \u00c9 uma celebra\u00e7\u00e3o da comunidade local e do esp\u00edrito empreendedor das artes, que dedica seu tempo e paix\u00e3o para criar produtos exclusivos.<\/p>\n<p><strong>Servi\u00e7o:<\/strong><br \/>\n11\u00aa Edi\u00e7\u00e3o do Bazar de Artesanato do Terra\u00e7o Shopping<br \/>\nPer\u00edodo: de 15 a 18 de maio<br \/>\nHor\u00e1rio: Quinta a s\u00e1bado, das 10h \u00e0s 22h; domingo, das 13h \u00e0s 19h<br \/>\nLocal: Pra\u00e7a da Leitura<\/p>\n","protected":false},"excerpt":{"rendered":"<p>Bras\u00edlia \u00e9 a concentra\u00e7\u00e3o de pessoas do Brasil inteiro e o artesanato local reflete esta caracter\u00edstica, trazendo refer\u00eancias de todos os cantos do pa\u00eds. E para celebrar esta diversidade dos artes\u00f5es e da cultura local, o Terra\u00e7o Shopping ter\u00e1, de 15 a 18 de maio, mais uma edi\u00e7\u00e3o do Bazar de Artesanato. A curadoria do [&hellip;]<\/p>\n","protected":false},"author":2,"featured_media":208031,"comment_status":"closed","ping_status":"closed","sticky":false,"template":"","format":"standard","meta":{"_acf_changed":false,"footnotes":""},"categories":[161],"tags":[],"class_list":["post-353953","post","type-post","status-publish","format-standard","has-post-thumbnail","hentry","category-quadradinho-em-foco"],"acf":[],"_links":{"self":[{"href":"https:\/\/www.notibras.com\/site\/wp-json\/wp\/v2\/posts\/353953","targetHints":{"allow":["GET"]}}],"collection":[{"href":"https:\/\/www.notibras.com\/site\/wp-json\/wp\/v2\/posts"}],"about":[{"href":"https:\/\/www.notibras.com\/site\/wp-json\/wp\/v2\/types\/post"}],"author":[{"embeddable":true,"href":"https:\/\/www.notibras.com\/site\/wp-json\/wp\/v2\/users\/2"}],"replies":[{"embeddable":true,"href":"https:\/\/www.notibras.com\/site\/wp-json\/wp\/v2\/comments?post=353953"}],"version-history":[{"count":1,"href":"https:\/\/www.notibras.com\/site\/wp-json\/wp\/v2\/posts\/353953\/revisions"}],"predecessor-version":[{"id":353954,"href":"https:\/\/www.notibras.com\/site\/wp-json\/wp\/v2\/posts\/353953\/revisions\/353954"}],"wp:featuredmedia":[{"embeddable":true,"href":"https:\/\/www.notibras.com\/site\/wp-json\/wp\/v2\/media\/208031"}],"wp:attachment":[{"href":"https:\/\/www.notibras.com\/site\/wp-json\/wp\/v2\/media?parent=353953"}],"wp:term":[{"taxonomy":"category","embeddable":true,"href":"https:\/\/www.notibras.com\/site\/wp-json\/wp\/v2\/categories?post=353953"},{"taxonomy":"post_tag","embeddable":true,"href":"https:\/\/www.notibras.com\/site\/wp-json\/wp\/v2\/tags?post=353953"}],"curies":[{"name":"wp","href":"https:\/\/api.w.org\/{rel}","templated":true}]}}