{"id":353980,"date":"2025-05-16T09:59:07","date_gmt":"2025-05-16T12:59:07","guid":{"rendered":"https:\/\/www.notibras.com\/site\/?p=353980"},"modified":"2025-05-16T09:59:07","modified_gmt":"2025-05-16T12:59:07","slug":"chuva-chega-e-comeca-a-mudar-a-paisagem-do-solo-seco-nordestino","status":"publish","type":"post","link":"https:\/\/www.notibras.com\/site\/chuva-chega-e-comeca-a-mudar-a-paisagem-do-solo-seco-nordestino\/","title":{"rendered":"Chuva chega e come\u00e7a a mudar a paisagem do solo seco nordestino"},"content":{"rendered":"<p>Quando se fala em Nordeste, o que vem \u00e0 mente s\u00e3o praias paradis\u00edacas, sol escaldante e calor o ano inteiro. Mas quem visita o sert\u00e3o e o interior da regi\u00e3o durante o inverno se surpreende com uma paisagem diferente: o frio. Sim, o frio nordestino \u00e9 real \u2014 e proporciona uma experi\u00eancia \u00fanica para moradores e turistas.<\/p>\n<p>Em cidades como Triunfo (PE), Garanhuns (PE), Guaramiranga (CE) e Pico do Jabre (PB), as temperaturas podem cair abaixo dos 12\u00b0C entre junho e agosto. Esses destinos, situados em regi\u00f5es serranas, s\u00e3o um convite ao turismo de inverno, oferecendo neblina nas manh\u00e3s, lareiras acesas nas noites e um charme europeu com sotaque nordestino.<\/p>\n<p>&#8220;Eu n\u00e3o esperava encontrar esse frio aqui. Foi uma surpresa maravilhosa!&#8221;, conta Carla Menezes, turista de Salvador, que visitou Guaramiranga pela primeira vez em julho. &#8220;A sensa\u00e7\u00e3o de tomar um chocolate quente \u00e0 beira da serra, com esse vento gelado no rosto, \u00e9 impag\u00e1vel.&#8221;<\/p>\n<p>Al\u00e9m do clima, o inverno no Nordeste traz paisagens transformadas: a vegeta\u00e7\u00e3o seca do sert\u00e3o d\u00e1 lugar a tons verdes intensos nas \u00e1reas mais altas. Em Garanhuns, por exemplo, o Festival de Inverno movimenta a cidade com m\u00fasica, arte e cultura, tornando o frio ainda mais convidativo.<\/p>\n<p>Para os moradores locais, o frio \u00e9 motivo de orgulho e acolhimento. &#8220;A gente adora quando os visitantes v\u00eam curtir nosso inverno. \u00c9 uma \u00e9poca especial para o com\u00e9rcio e para mostrar uma outra face do nosso Nordeste&#8221;, afirma Seu Jo\u00e3o Ferreira, dono de uma pousada em Triunfo.<\/p>\n<p>Seja para fugir do calor habitual, experimentar um clima diferente ou se encantar com novas paisagens, o inverno nordestino prova que o frio tamb\u00e9m tem espa\u00e7o \u2014 e charme \u2014 abaixo da linha do Equador<\/p>\n","protected":false},"excerpt":{"rendered":"<p>Quando se fala em Nordeste, o que vem \u00e0 mente s\u00e3o praias paradis\u00edacas, sol escaldante e calor o ano inteiro. Mas quem visita o sert\u00e3o e o interior da regi\u00e3o durante o inverno se surpreende com uma paisagem diferente: o frio. Sim, o frio nordestino \u00e9 real \u2014 e proporciona uma experi\u00eancia \u00fanica para moradores [&hellip;]<\/p>\n","protected":false},"author":2,"featured_media":353981,"comment_status":"closed","ping_status":"closed","sticky":false,"template":"","format":"standard","meta":{"_acf_changed":false,"footnotes":""},"categories":[165],"tags":[],"class_list":["post-353980","post","type-post","status-publish","format-standard","has-post-thumbnail","hentry","category-nordeste"],"acf":[],"_links":{"self":[{"href":"https:\/\/www.notibras.com\/site\/wp-json\/wp\/v2\/posts\/353980","targetHints":{"allow":["GET"]}}],"collection":[{"href":"https:\/\/www.notibras.com\/site\/wp-json\/wp\/v2\/posts"}],"about":[{"href":"https:\/\/www.notibras.com\/site\/wp-json\/wp\/v2\/types\/post"}],"author":[{"embeddable":true,"href":"https:\/\/www.notibras.com\/site\/wp-json\/wp\/v2\/users\/2"}],"replies":[{"embeddable":true,"href":"https:\/\/www.notibras.com\/site\/wp-json\/wp\/v2\/comments?post=353980"}],"version-history":[{"count":1,"href":"https:\/\/www.notibras.com\/site\/wp-json\/wp\/v2\/posts\/353980\/revisions"}],"predecessor-version":[{"id":353982,"href":"https:\/\/www.notibras.com\/site\/wp-json\/wp\/v2\/posts\/353980\/revisions\/353982"}],"wp:featuredmedia":[{"embeddable":true,"href":"https:\/\/www.notibras.com\/site\/wp-json\/wp\/v2\/media\/353981"}],"wp:attachment":[{"href":"https:\/\/www.notibras.com\/site\/wp-json\/wp\/v2\/media?parent=353980"}],"wp:term":[{"taxonomy":"category","embeddable":true,"href":"https:\/\/www.notibras.com\/site\/wp-json\/wp\/v2\/categories?post=353980"},{"taxonomy":"post_tag","embeddable":true,"href":"https:\/\/www.notibras.com\/site\/wp-json\/wp\/v2\/tags?post=353980"}],"curies":[{"name":"wp","href":"https:\/\/api.w.org\/{rel}","templated":true}]}}