{"id":353988,"date":"2025-05-16T09:17:26","date_gmt":"2025-05-16T12:17:26","guid":{"rendered":"https:\/\/www.notibras.com\/site\/?p=353988"},"modified":"2025-05-16T10:21:19","modified_gmt":"2025-05-16T13:21:19","slug":"entre-cordel-e-forro-as-vozes-que-ecoam-a-alma-do-nordeste","status":"publish","type":"post","link":"https:\/\/www.notibras.com\/site\/entre-cordel-e-forro-as-vozes-que-ecoam-a-alma-do-nordeste\/","title":{"rendered":"Entre cordel e forr\u00f3, as vozes que ecoam a alma do Nordeste"},"content":{"rendered":"<p>O som da sanfona se mistura ao ritmo dos versos rimados, embalando hist\u00f3rias de um povo que transforma sua luta em poesia e m\u00fasica. No cora\u00e7\u00e3o do Nordeste brasileiro, o cordel e o forr\u00f3 n\u00e3o s\u00e3o apenas manifesta\u00e7\u00f5es culturais \u2014 s\u00e3o a alma de uma regi\u00e3o que canta, conta e encanta.<\/p>\n<p>Os folhetos de cordel, pendurados em barbantes, fazem parte da paisagem de feiras e mercados nordestinos. Escritos em linguagem simples e cadenciada, eles narram causos, lendas, amores e cr\u00edticas sociais. Mestres como Patativa do Assar\u00e9 e Leandro Gomes de Barros eternizaram essa tradi\u00e7\u00e3o, que segue viva com novos poetas que adaptam temas atuais ao formato cl\u00e1ssico.<\/p>\n<p>&#8220;O cordel \u00e9 o jornal do povo. \u00c9 onde a gente v\u00ea as not\u00edcias, as hist\u00f3rias e as li\u00e7\u00f5es de vida&#8221;, conta Dona Maria do Cordel, poetisa de Juazeiro do Norte, que h\u00e1 40 anos mant\u00e9m a tradi\u00e7\u00e3o de escrever \u00e0 m\u00e3o seus folhetos.<\/p>\n<p>Se o cordel \u00e9 a palavra falada, o forr\u00f3 \u00e9 o corpo em movimento. Com origens ligadas \u00e0 cultura sertaneja, o forr\u00f3 ganhou o Brasil atrav\u00e9s de nomes como Luiz Gonzaga, Dominguinhos e Elba Ramalho. Mais do que festa, o forr\u00f3 \u00e9 resist\u00eancia, uni\u00e3o e celebra\u00e7\u00e3o da identidade nordestina.<\/p>\n<p>&#8220;\u00c9 no arrasta-p\u00e9 que a gente esquece as dores e celebra a vida&#8221;, diz Seu Jo\u00e3o, sanfoneiro de Caruaru, famoso por animar as noites de S\u00e3o Jo\u00e3o com seu trio p\u00e9-de-serra.<\/p>\n<p>Hoje, uma nova gera\u00e7\u00e3o de artistas mistura cordel e forr\u00f3 com ritmos urbanos, criando pontes entre tradi\u00e7\u00e3o e modernidade. Bandas como Falamansa e artistas como Duda Beat e Cordel do Fogo Encantado mant\u00eam viva a ess\u00eancia do Nordeste, dialogando com p\u00fablicos de todas as idades.<\/p>\n<p>Essa renova\u00e7\u00e3o n\u00e3o apaga as ra\u00edzes. Pelo contr\u00e1rio, refor\u00e7a o orgulho de um povo que canta sua hist\u00f3ria com a for\u00e7a de suas pr\u00f3prias vozes.<\/p>\n<p>Entre cordel e forr\u00f3, o Nordeste segue ecoando sua alma. S\u00e3o vozes que n\u00e3o se calam, que atravessam gera\u00e7\u00f5es, transformando dificuldades em arte e mantendo viva a chama de uma cultura rica, vibrante e essencialmente brasileira.<\/p>\n","protected":false},"excerpt":{"rendered":"<p>O som da sanfona se mistura ao ritmo dos versos rimados, embalando hist\u00f3rias de um povo que transforma sua luta em poesia e m\u00fasica. No cora\u00e7\u00e3o do Nordeste brasileiro, o cordel e o forr\u00f3 n\u00e3o s\u00e3o apenas manifesta\u00e7\u00f5es culturais \u2014 s\u00e3o a alma de uma regi\u00e3o que canta, conta e encanta. Os folhetos de cordel, [&hellip;]<\/p>\n","protected":false},"author":2,"featured_media":353989,"comment_status":"closed","ping_status":"closed","sticky":false,"template":"","format":"standard","meta":{"_acf_changed":false,"footnotes":""},"categories":[165],"tags":[],"class_list":["post-353988","post","type-post","status-publish","format-standard","has-post-thumbnail","hentry","category-nordeste"],"acf":[],"_links":{"self":[{"href":"https:\/\/www.notibras.com\/site\/wp-json\/wp\/v2\/posts\/353988","targetHints":{"allow":["GET"]}}],"collection":[{"href":"https:\/\/www.notibras.com\/site\/wp-json\/wp\/v2\/posts"}],"about":[{"href":"https:\/\/www.notibras.com\/site\/wp-json\/wp\/v2\/types\/post"}],"author":[{"embeddable":true,"href":"https:\/\/www.notibras.com\/site\/wp-json\/wp\/v2\/users\/2"}],"replies":[{"embeddable":true,"href":"https:\/\/www.notibras.com\/site\/wp-json\/wp\/v2\/comments?post=353988"}],"version-history":[{"count":1,"href":"https:\/\/www.notibras.com\/site\/wp-json\/wp\/v2\/posts\/353988\/revisions"}],"predecessor-version":[{"id":353990,"href":"https:\/\/www.notibras.com\/site\/wp-json\/wp\/v2\/posts\/353988\/revisions\/353990"}],"wp:featuredmedia":[{"embeddable":true,"href":"https:\/\/www.notibras.com\/site\/wp-json\/wp\/v2\/media\/353989"}],"wp:attachment":[{"href":"https:\/\/www.notibras.com\/site\/wp-json\/wp\/v2\/media?parent=353988"}],"wp:term":[{"taxonomy":"category","embeddable":true,"href":"https:\/\/www.notibras.com\/site\/wp-json\/wp\/v2\/categories?post=353988"},{"taxonomy":"post_tag","embeddable":true,"href":"https:\/\/www.notibras.com\/site\/wp-json\/wp\/v2\/tags?post=353988"}],"curies":[{"name":"wp","href":"https:\/\/api.w.org\/{rel}","templated":true}]}}