{"id":353991,"date":"2025-05-16T10:37:35","date_gmt":"2025-05-16T13:37:35","guid":{"rendered":"https:\/\/www.notibras.com\/site\/?p=353991"},"modified":"2025-05-16T10:37:52","modified_gmt":"2025-05-16T13:37:52","slug":"e-facil-falar-em-meritocracia-quando-se-nasce-em-berco-de-ouro","status":"publish","type":"post","link":"https:\/\/www.notibras.com\/site\/e-facil-falar-em-meritocracia-quando-se-nasce-em-berco-de-ouro\/","title":{"rendered":"\u00c9 f\u00e1cil falar em meritocracia quando se nasce em ber\u00e7o de ouro"},"content":{"rendered":"<p>N\u00e3o fui uma crian\u00e7a f\u00e1cil e, talvez por isso, tenha tido uma m\u00e3e firme. N\u00e3o que dona Shirley fosse um po\u00e7o sem fundo de brutalidade. Na verdade, mam\u00e3e era quase sempre paciente com minhas intransig\u00eancias infantis, como se soubesse que a criatura que pariu, apesar de arteira, poderia dar bons frutos.<\/p>\n<p>Jamais cheguei a postos de destaque, mas galguei alguns degraus praticamente intranspon\u00edveis para os de minha classe, o que me garantiu conforto melhor \u00e0queles reservados aos meus parentes e amigos. N\u00e3o que eles tenham se acostumado com a pobreza, ainda mais porque me parece algo dif\u00edcil de acreditar, apesar do falacioso conceito de meritocracia, t\u00e3o em voga nos nossos tempos.<\/p>\n<p>Gosto de perceber o cinismo dos herdeiros quando contam suas lam\u00farias para terem seu trabalho reconhecido. \u00c9 cada declara\u00e7\u00e3o, que, caso voc\u00ea n\u00e3o tome cuidado, acaba caindo na ladainha. Sem contar que quem entrevista esses privilegiados nem ao menos tenta disfar\u00e7ar a admira\u00e7\u00e3o por tamanho feito.<\/p>\n<p>\u2014 Como foi sair da sombra do seu pai, o maior empres\u00e1rio do ramo de latic\u00ednios do pa\u00eds?<\/p>\n<p>\u2014 Ah, precisei lutar muito para ter o meu talento reconhecido. N\u00e3o \u00e9 f\u00e1cil enfrentar olhares desconfiados daqueles que imaginam que cheguei onde cheguei apenas por ser filho do meu pai.<\/p>\n<p>\u2014 Meus parab\u00e9ns! Voc\u00ea fez por onde chegar onde chegou.<\/p>\n<p>Algumas l\u00e1grimas estrat\u00e9gicas seriam providenciais. Por\u00e9m, nada como um largo sorriso mais branco do que o que uma famosa marca de sab\u00e3o em p\u00f3 promete. Gente, como deve ser dura a vida desse povo! Hum!<\/p>\n<p>\u2014 Maicon Jaqui\u00e7on, voc\u00ea vive reclamando da vida!<\/p>\n<p>Pois \u00e9, essa \u00e9 a minha irm\u00e3, a Uitinei Ruston. Pelos nossos nomes, voc\u00ea j\u00e1 deve imaginar o n\u00edvel de pobreza da minha fam\u00edlia. Isso, ali\u00e1s, \u00e9 at\u00e9 impeditivo para que alcancemos, por exemplo, um cargo de chefia. J\u00e1 pensou, por exemplo, eu, Maicon Jaqui\u00e7on Souza dos Santos sendo entrevistado por aquele mesmo rep\u00f3rter?<\/p>\n<p>\u2014 Estamos aqui com o senhor Maicon Jaqui\u00e7on, vencedor do pr\u00eamio de melhor gerente de marketing do ano.<\/p>\n<p>Gente, fala s\u00e9rio! At\u00e9 eu iria rir da situa\u00e7\u00e3o. Quem, afinal, iria prestar aten\u00e7\u00e3o na premia\u00e7\u00e3o? Nem se lembrariam, pois Maicon Jaqui\u00e7on ficaria martelando nas suas mentes.<\/p>\n<p>\u2014 Voc\u00ea viu o nome daquele cara?<\/p>\n<p>\u2014 Maicon Jaqui\u00e7on?<\/p>\n<p>\u2014 Sim. Como \u00e9 que algu\u00e9m coloca um nome desses no filho?<\/p>\n<p>\u2014 E ele era o qu\u00ea?<\/p>\n<p>\u2014 Nem sei. Acho que estava reclamando da falta de \u00e1gua em Samambaia ou Taguatinga.<\/p>\n<p>Nem me atrevo a reclamar com dona Shirley. A \u00faltima vez que isso aconteceu, foi quando entrei na casa dos 25 anos e, ent\u00e3o, a consci\u00eancia sobre qu\u00e3o esdr\u00faxulo era meu nome me pegou de jeito. E, de supet\u00e3o, ousei levantar a voz para minha m\u00e3e, que acabara de chegar de mais uma faxina.<\/p>\n<p>\u2014 Maicon Jaqui\u00e7on, quer gritar? Pois, grite! Mas grite baixinho, que quero dormi.<\/p>\n<p>&#8230;&#8230;&#8230;&#8230;&#8230;&#8230;&#8230;&#8230;&#8230;..<\/p>\n<p><strong>Eduardo Mart\u00ednez \u00e9 autor do livro 57 Contos e Cr\u00f4nicas por um Autor Muito Velho\u2019<\/strong><\/p>\n<p>Compre aqui\u00a0<span class=\"x19la9d6 x1fc57z9 x6ikm8r x10wlt62 x19co3pv x1g5zs5t xfibh0p xiy17q3 x1xsqp64 x1lkfr7t xexx8yu x4uap5 x18d9i69 xkhd6sd\"><span class=\"xrtxmta x1bhl96m\"><img decoding=\"async\" class=\"emoji\" role=\"img\" draggable=\"false\" src=\"https:\/\/s.w.org\/images\/core\/emoji\/15.0.3\/svg\/1f447-1f3ff.svg\" alt=\"&#x1f447;&#x1f3ff;\" \/><\/span><\/span><\/p>\n<p><a href=\"https:\/\/www.joanineditora.com.br\/57-contos-e-cronicas-por-um-autor-muito-velho\">https:\/\/www.joanineditora.com.br\/57-contos-e-cronicas-por-um-autor-muito-velho<\/a><\/p>\n","protected":false},"excerpt":{"rendered":"<p>N\u00e3o fui uma crian\u00e7a f\u00e1cil e, talvez por isso, tenha tido uma m\u00e3e firme. N\u00e3o que dona Shirley fosse um po\u00e7o sem fundo de brutalidade. Na verdade, mam\u00e3e era quase sempre paciente com minhas intransig\u00eancias infantis, como se soubesse que a criatura que pariu, apesar de arteira, poderia dar bons frutos. Jamais cheguei a postos [&hellip;]<\/p>\n","protected":false},"author":2,"featured_media":353992,"comment_status":"closed","ping_status":"closed","sticky":false,"template":"","format":"standard","meta":{"_acf_changed":false,"footnotes":""},"categories":[161],"tags":[],"class_list":["post-353991","post","type-post","status-publish","format-standard","has-post-thumbnail","hentry","category-quadradinho-em-foco"],"acf":[],"_links":{"self":[{"href":"https:\/\/www.notibras.com\/site\/wp-json\/wp\/v2\/posts\/353991","targetHints":{"allow":["GET"]}}],"collection":[{"href":"https:\/\/www.notibras.com\/site\/wp-json\/wp\/v2\/posts"}],"about":[{"href":"https:\/\/www.notibras.com\/site\/wp-json\/wp\/v2\/types\/post"}],"author":[{"embeddable":true,"href":"https:\/\/www.notibras.com\/site\/wp-json\/wp\/v2\/users\/2"}],"replies":[{"embeddable":true,"href":"https:\/\/www.notibras.com\/site\/wp-json\/wp\/v2\/comments?post=353991"}],"version-history":[{"count":1,"href":"https:\/\/www.notibras.com\/site\/wp-json\/wp\/v2\/posts\/353991\/revisions"}],"predecessor-version":[{"id":353993,"href":"https:\/\/www.notibras.com\/site\/wp-json\/wp\/v2\/posts\/353991\/revisions\/353993"}],"wp:featuredmedia":[{"embeddable":true,"href":"https:\/\/www.notibras.com\/site\/wp-json\/wp\/v2\/media\/353992"}],"wp:attachment":[{"href":"https:\/\/www.notibras.com\/site\/wp-json\/wp\/v2\/media?parent=353991"}],"wp:term":[{"taxonomy":"category","embeddable":true,"href":"https:\/\/www.notibras.com\/site\/wp-json\/wp\/v2\/categories?post=353991"},{"taxonomy":"post_tag","embeddable":true,"href":"https:\/\/www.notibras.com\/site\/wp-json\/wp\/v2\/tags?post=353991"}],"curies":[{"name":"wp","href":"https:\/\/api.w.org\/{rel}","templated":true}]}}