{"id":353994,"date":"2025-05-16T00:41:45","date_gmt":"2025-05-16T03:41:45","guid":{"rendered":"https:\/\/www.notibras.com\/site\/?p=353994"},"modified":"2025-05-16T10:43:52","modified_gmt":"2025-05-16T13:43:52","slug":"agentes-pegam-dupla-de-traficantes-em-ceilandia","status":"publish","type":"post","link":"https:\/\/www.notibras.com\/site\/agentes-pegam-dupla-de-traficantes-em-ceilandia\/","title":{"rendered":"Agentes pegam dupla de traficantes em Ceil\u00e2ndia"},"content":{"rendered":"<p>Uma equipe da 15\u00aa DP deflagrou a opera\u00e7\u00e3o FUCHS e prendeu dois homens, de 26 e 19 anos de idade, pelo crime de tr\u00e1fico de drogas.<\/p>\n<p>Segundo informado, a a\u00e7\u00e3o policial foi deflagrada ap\u00f3s os agentes da 15\u00aa DP receberem a informa\u00e7\u00e3o de que estaria ocorrendo um intenso com\u00e9rcio il\u00edcito de drogas em uma casa situada na QNN 09 de Ceil\u00e2ndia, tendo sido iniciado o monitoramento no local.<\/p>\n<p>Ap\u00f3s alguns dias de monitoramento, na data de ontem, os agentes flagraram dois homens saindo do local em atitude suspeita. Ap\u00f3s se afastarem da resid\u00eancia monitorada, tais homens foram abordados e com eles foram encontradas por\u00e7\u00f5es de maconha e de haxixe. Indagados a respeito das por\u00e7\u00f5es encontradas, o primeiro homem disse que adquiriu a por\u00e7\u00e3o de maconha pela quantia de R$ 70,00 (setenta reais); e o segundo homem disse que adquiriu a por\u00e7\u00e3o de haxixe pelo valor de R$ 100,00 (cem reais).<\/p>\n<p>Diante de tais circunst\u00e2ncias, os agentes da 15\u00aa DP decidiram ingressar no im\u00f3vel, contudo, ao retornarem ao local, avistaram um terceiro homem, em uma bicicleta, saindo da casa. Ao ser abordado, tal homem estava em posse de um grande saco pl\u00e1stico contendo uma placa de Skunk, saco este que estava escondido sob sua camisa. Indagado sobre a droga, o terceiro homem ficou em sil\u00eancio.<\/p>\n<p>Ato cont\u00ednuo, os policiais ingressaram no im\u00f3vel, tendo o seu morador, o homem de 26 anos de idade, arremessado um objeto para cima do telhado.<\/p>\n<p>O homem acabou detido e, em buscas na casa os policiais encontraram por\u00e7\u00f5es de drogas do tipo maconha, crack, haxixe e coca\u00edna, quatro balan\u00e7as de precis\u00e3o, uma muni\u00e7\u00e3o e a quantia de R$ 19.184,00 (dezenove mil e cento e oitenta e quatro reais) em esp\u00e9cie.<\/p>\n<p>Ao verificarem os telhados das casas vizinhas, os policiais encontraram outro saco pl\u00e1stico contendo uma placa de skunk em seu interior e um aparelho de telefone celular.<\/p>\n<p>Diante de tais fatos, o dono da casa e o homem que estava na bicicleta receberam a voz de pris\u00e3o e foram conduzidos para a 15\u00aa DP, onde foram autuados pelo crime de tr\u00e1fico de drogas. O dono da casa ainda foi autuado pelo crime de posse de muni\u00e7\u00e3o de uso permitido.<\/p>\n<p>Os usu\u00e1rios tamb\u00e9m foram conduzidos para a 15\u00aa DP, onde foram identificados, ouvidos e liberados, conforme decis\u00e3o do STF.<\/p>\n<p>Ap\u00f3s a formaliza\u00e7\u00e3o da pris\u00e3o em flagrante, os traficantes foram recolhidos \u00e0 carceragem da DCCP, onde permanecer\u00e3o \u00e0 disposi\u00e7\u00e3o da Justi\u00e7a. Pelo crime de tr\u00e1fico de drogas est\u00e3o sujeito a pena de 5 aa 15 anos de pris\u00e3o. Pelo crime de posse de muni\u00e7\u00e3o, o dono da casa est\u00e1 sujeito a pena de 1 a 3 anos de pris\u00e3o.<\/p>\n","protected":false},"excerpt":{"rendered":"<p>Uma equipe da 15\u00aa DP deflagrou a opera\u00e7\u00e3o FUCHS e prendeu dois homens, de 26 e 19 anos de idade, pelo crime de tr\u00e1fico de drogas. Segundo informado, a a\u00e7\u00e3o policial foi deflagrada ap\u00f3s os agentes da 15\u00aa DP receberem a informa\u00e7\u00e3o de que estaria ocorrendo um intenso com\u00e9rcio il\u00edcito de drogas em uma casa [&hellip;]<\/p>\n","protected":false},"author":2,"featured_media":353995,"comment_status":"closed","ping_status":"closed","sticky":false,"template":"","format":"standard","meta":{"_acf_changed":false,"footnotes":""},"categories":[161],"tags":[],"class_list":["post-353994","post","type-post","status-publish","format-standard","has-post-thumbnail","hentry","category-quadradinho-em-foco"],"acf":[],"_links":{"self":[{"href":"https:\/\/www.notibras.com\/site\/wp-json\/wp\/v2\/posts\/353994","targetHints":{"allow":["GET"]}}],"collection":[{"href":"https:\/\/www.notibras.com\/site\/wp-json\/wp\/v2\/posts"}],"about":[{"href":"https:\/\/www.notibras.com\/site\/wp-json\/wp\/v2\/types\/post"}],"author":[{"embeddable":true,"href":"https:\/\/www.notibras.com\/site\/wp-json\/wp\/v2\/users\/2"}],"replies":[{"embeddable":true,"href":"https:\/\/www.notibras.com\/site\/wp-json\/wp\/v2\/comments?post=353994"}],"version-history":[{"count":1,"href":"https:\/\/www.notibras.com\/site\/wp-json\/wp\/v2\/posts\/353994\/revisions"}],"predecessor-version":[{"id":353996,"href":"https:\/\/www.notibras.com\/site\/wp-json\/wp\/v2\/posts\/353994\/revisions\/353996"}],"wp:featuredmedia":[{"embeddable":true,"href":"https:\/\/www.notibras.com\/site\/wp-json\/wp\/v2\/media\/353995"}],"wp:attachment":[{"href":"https:\/\/www.notibras.com\/site\/wp-json\/wp\/v2\/media?parent=353994"}],"wp:term":[{"taxonomy":"category","embeddable":true,"href":"https:\/\/www.notibras.com\/site\/wp-json\/wp\/v2\/categories?post=353994"},{"taxonomy":"post_tag","embeddable":true,"href":"https:\/\/www.notibras.com\/site\/wp-json\/wp\/v2\/tags?post=353994"}],"curies":[{"name":"wp","href":"https:\/\/api.w.org\/{rel}","templated":true}]}}