{"id":354000,"date":"2025-05-16T01:18:33","date_gmt":"2025-05-16T04:18:33","guid":{"rendered":"https:\/\/www.notibras.com\/site\/?p=354000"},"modified":"2025-05-16T11:22:21","modified_gmt":"2025-05-16T14:22:21","slug":"residentes-em-medicina-da-familia-terao-acesso-a-bolsas","status":"publish","type":"post","link":"https:\/\/www.notibras.com\/site\/residentes-em-medicina-da-familia-terao-acesso-a-bolsas\/","title":{"rendered":"Residentes em medicina da fam\u00edlia ter\u00e3o acesso a bolsas"},"content":{"rendered":"<p>O Governo do Distrito Federal (GDF) enviar\u00e1 \u00e0 C\u00e2mara Legislativa do DF (CLDF) um projeto de lei prevendo a cria\u00e7\u00e3o de uma bolsa para os residentes de medicina com especialidade em medicina de fam\u00edlia e comunidade.<\/p>\n<p>A iniciativa, chamada Programa de Bolsa Complementar de Estudo e Pesquisa para Residentes de Medicina de Fam\u00edlia e Comunidade (Promed), pagar\u00e1 R$ 7.536 aos residentes. O valor ser\u00e1 complementar \u00e0 bolsa de resid\u00eancia m\u00e9dica, paga pelo Governo Federal ou pelo pr\u00f3prio GDF.<\/p>\n<p>A coordena\u00e7\u00e3o do programa ficar\u00e1 a cargo da Secretaria de Sa\u00fade (SES-DF), em parceria com a Funda\u00e7\u00e3o de Ensino e Pesquisa em Ci\u00eancias da Sa\u00fade (Fepecs). A pasta ser\u00e1 a respons\u00e1vel pelo pagamento das bolsas, bem como por definir anualmente o n\u00famero de estudantes contemplados com o projeto.<\/p>\n<p><strong>Remanejamento<\/strong><br \/>\nA justificativa para o pagamento, segundo a proposta, \u00e9 o fato de a medicina de fam\u00edlia e comunidade ser considerada priorit\u00e1ria para o sistema de sa\u00fade do DF. As unidades de sa\u00fade da rede p\u00fablica que oferecerem programa de resid\u00eancias nessa \u00e1rea passar\u00e3o a ser reconhecidas como unidades de sa\u00fade-escola. Caso haja bolsas n\u00e3o preenchidas, a SES-DF vai remanej\u00e1-las para outros programas de resid\u00eancia considerados priorit\u00e1rios.<\/p>\n<p>A bolsa contemplar\u00e1 os m\u00e9dicos residentes em regime especial de treinamento em servi\u00e7o, com carga hor\u00e1ria de 60 horas semanais. Os participantes ter\u00e3o direito a uma folga por semana e a 30 dias de repouso por ano de participa\u00e7\u00e3o. O valor ser\u00e1 pago mensalmente \u2014 com os descontos legais cab\u00edveis \u2014, conforme o calend\u00e1rio da folha de pagamento dos servidores do GDF. A cria\u00e7\u00e3o do Promed depende, agora, da an\u00e1lise do projeto pela C\u00e2mara Legislativa.<\/p>\n<p>Veja abaixo as principais condi\u00e7\u00f5es para receber a bolsa.<\/p>\n<p>\u21d2 Ter sido aprovado no processo seletivo de resid\u00eancia m\u00e9dica<br \/>\n\u21d2 Estar regularmente cadastrado no Sistema Informatizado da Comiss\u00e3o Nacional de Resid\u00eancia M\u00e9dica (CNRM), do Minist\u00e9rio da Educa\u00e7\u00e3o<br \/>\n\u21d2 Ter sido aprovado na avalia\u00e7\u00e3o anual da Comiss\u00e3o de Resid\u00eancia M\u00e9dica (Coreme)<\/p>\n","protected":false},"excerpt":{"rendered":"<p>O Governo do Distrito Federal (GDF) enviar\u00e1 \u00e0 C\u00e2mara Legislativa do DF (CLDF) um projeto de lei prevendo a cria\u00e7\u00e3o de uma bolsa para os residentes de medicina com especialidade em medicina de fam\u00edlia e comunidade. A iniciativa, chamada Programa de Bolsa Complementar de Estudo e Pesquisa para Residentes de Medicina de Fam\u00edlia e Comunidade [&hellip;]<\/p>\n","protected":false},"author":2,"featured_media":354001,"comment_status":"closed","ping_status":"closed","sticky":false,"template":"","format":"standard","meta":{"_acf_changed":false,"footnotes":""},"categories":[161],"tags":[],"class_list":["post-354000","post","type-post","status-publish","format-standard","has-post-thumbnail","hentry","category-quadradinho-em-foco"],"acf":[],"_links":{"self":[{"href":"https:\/\/www.notibras.com\/site\/wp-json\/wp\/v2\/posts\/354000","targetHints":{"allow":["GET"]}}],"collection":[{"href":"https:\/\/www.notibras.com\/site\/wp-json\/wp\/v2\/posts"}],"about":[{"href":"https:\/\/www.notibras.com\/site\/wp-json\/wp\/v2\/types\/post"}],"author":[{"embeddable":true,"href":"https:\/\/www.notibras.com\/site\/wp-json\/wp\/v2\/users\/2"}],"replies":[{"embeddable":true,"href":"https:\/\/www.notibras.com\/site\/wp-json\/wp\/v2\/comments?post=354000"}],"version-history":[{"count":2,"href":"https:\/\/www.notibras.com\/site\/wp-json\/wp\/v2\/posts\/354000\/revisions"}],"predecessor-version":[{"id":354003,"href":"https:\/\/www.notibras.com\/site\/wp-json\/wp\/v2\/posts\/354000\/revisions\/354003"}],"wp:featuredmedia":[{"embeddable":true,"href":"https:\/\/www.notibras.com\/site\/wp-json\/wp\/v2\/media\/354001"}],"wp:attachment":[{"href":"https:\/\/www.notibras.com\/site\/wp-json\/wp\/v2\/media?parent=354000"}],"wp:term":[{"taxonomy":"category","embeddable":true,"href":"https:\/\/www.notibras.com\/site\/wp-json\/wp\/v2\/categories?post=354000"},{"taxonomy":"post_tag","embeddable":true,"href":"https:\/\/www.notibras.com\/site\/wp-json\/wp\/v2\/tags?post=354000"}],"curies":[{"name":"wp","href":"https:\/\/api.w.org\/{rel}","templated":true}]}}