{"id":354004,"date":"2025-05-16T00:26:09","date_gmt":"2025-05-16T03:26:09","guid":{"rendered":"https:\/\/www.notibras.com\/site\/?p=354004"},"modified":"2025-05-16T11:28:12","modified_gmt":"2025-05-16T14:28:12","slug":"jogar-lixo-pela-janela-do-carro-pode-render-multa-aos-motoristas","status":"publish","type":"post","link":"https:\/\/www.notibras.com\/site\/jogar-lixo-pela-janela-do-carro-pode-render-multa-aos-motoristas\/","title":{"rendered":"Jogar lixo pela janela do carro pode render multa aos motoristas"},"content":{"rendered":"<p>Diariamente, os profissionais da limpeza urbana recolhem toneladas de res\u00edduos descartados de maneira irregular. Na semana em que se celebra o Dia do Gari, comemorado nesta sexta-feira, dia 16 de maio, o debate sobre a destina\u00e7\u00e3o correta do lixo ganha ainda mais visibilidade.<\/p>\n<p>Entre os comportamentos que ainda persistem est\u00e1 o descarte de res\u00edduos pela janela dos ve\u00edculos. A atitude \u00e9 considerada infra\u00e7\u00e3o segundo o C\u00f3digo Brasileiro de Tr\u00e2nsito (CBT). Trata-se de uma infra\u00e7\u00e3o m\u00e9dia prevista no Artigo 172, com multa de R$ 130,16 e ac\u00famulo de quatro pontos na Carteira Nacional de Habilita\u00e7\u00e3o (CNH).<\/p>\n<p>O descarte incorreto tem uma s\u00e9rie de consequ\u00eancias para o meio ambiente, como a polui\u00e7\u00e3o nas ruas, o entupimento de bocas de lobos e bueiros e a degrada\u00e7\u00e3o das \u00e1reas verdes. Al\u00e9m disso, o comportamento pode contribuir para aumentar o risco de acidentes.<\/p>\n<p>\u201cQuando algu\u00e9m joga lixo ou qualquer objeto pela janela do ve\u00edculo, n\u00e3o est\u00e1 apenas sujando a cidade, mas tamb\u00e9m trazendo risco \u00e0 popula\u00e7\u00e3o. Esse comportamento pode ser perigoso principalmente para motociclistas, ciclistas e pedestres, j\u00e1 que os materiais lan\u00e7ados na via podem atrapalhar a condu\u00e7\u00e3o dos ve\u00edculos e at\u00e9 provocar acidentes graves\u201d, afirma o diretor de Policiamento e Fiscaliza\u00e7\u00e3o de Tr\u00e2nsito do Departamento de Tr\u00e2nsito (Detran), Glauber Peixoto. \u201cPortanto, \u00e9 fundamental adotar uma postura de responsabilidade coletiva, priorizando a seguran\u00e7a de todos os usu\u00e1rios das vias no DF\u201d, completa.<\/p>\n<p>A recomenda\u00e7\u00e3o do Detran \u00e9 de que os condutores tenham sempre uma sacola de lixo dentro dos ve\u00edculos ou, ainda quando n\u00e3o for poss\u00edvel, que os motoristas guardem os res\u00edduos para serem descartados futuramente em locais corretos, como as lixeiras e os papa-lixos do Servi\u00e7o de Limpeza Urbana (SLU)<\/p>\n","protected":false},"excerpt":{"rendered":"<p>Diariamente, os profissionais da limpeza urbana recolhem toneladas de res\u00edduos descartados de maneira irregular. Na semana em que se celebra o Dia do Gari, comemorado nesta sexta-feira, dia 16 de maio, o debate sobre a destina\u00e7\u00e3o correta do lixo ganha ainda mais visibilidade. Entre os comportamentos que ainda persistem est\u00e1 o descarte de res\u00edduos pela [&hellip;]<\/p>\n","protected":false},"author":2,"featured_media":354005,"comment_status":"closed","ping_status":"closed","sticky":false,"template":"","format":"standard","meta":{"_acf_changed":false,"footnotes":""},"categories":[161],"tags":[],"class_list":["post-354004","post","type-post","status-publish","format-standard","has-post-thumbnail","hentry","category-quadradinho-em-foco"],"acf":[],"_links":{"self":[{"href":"https:\/\/www.notibras.com\/site\/wp-json\/wp\/v2\/posts\/354004","targetHints":{"allow":["GET"]}}],"collection":[{"href":"https:\/\/www.notibras.com\/site\/wp-json\/wp\/v2\/posts"}],"about":[{"href":"https:\/\/www.notibras.com\/site\/wp-json\/wp\/v2\/types\/post"}],"author":[{"embeddable":true,"href":"https:\/\/www.notibras.com\/site\/wp-json\/wp\/v2\/users\/2"}],"replies":[{"embeddable":true,"href":"https:\/\/www.notibras.com\/site\/wp-json\/wp\/v2\/comments?post=354004"}],"version-history":[{"count":1,"href":"https:\/\/www.notibras.com\/site\/wp-json\/wp\/v2\/posts\/354004\/revisions"}],"predecessor-version":[{"id":354006,"href":"https:\/\/www.notibras.com\/site\/wp-json\/wp\/v2\/posts\/354004\/revisions\/354006"}],"wp:featuredmedia":[{"embeddable":true,"href":"https:\/\/www.notibras.com\/site\/wp-json\/wp\/v2\/media\/354005"}],"wp:attachment":[{"href":"https:\/\/www.notibras.com\/site\/wp-json\/wp\/v2\/media?parent=354004"}],"wp:term":[{"taxonomy":"category","embeddable":true,"href":"https:\/\/www.notibras.com\/site\/wp-json\/wp\/v2\/categories?post=354004"},{"taxonomy":"post_tag","embeddable":true,"href":"https:\/\/www.notibras.com\/site\/wp-json\/wp\/v2\/tags?post=354004"}],"curies":[{"name":"wp","href":"https:\/\/api.w.org\/{rel}","templated":true}]}}