{"id":354028,"date":"2025-05-17T02:25:29","date_gmt":"2025-05-17T05:25:29","guid":{"rendered":"https:\/\/www.notibras.com\/site\/?p=354028"},"modified":"2025-05-16T20:27:56","modified_gmt":"2025-05-16T23:27:56","slug":"estudante-morto-na-ditadura-e-homenageado","status":"publish","type":"post","link":"https:\/\/www.notibras.com\/site\/estudante-morto-na-ditadura-e-homenageado\/","title":{"rendered":"Estudante morto na ditadura \u00e9 homenageado"},"content":{"rendered":"<p>A Universidade Federal do Cear\u00e1 (UFC) concedeu nesta sexta-feira (16) o t\u00edtulo de gradua\u00e7\u00e3o post mortem a Bergson Gurj\u00e3o Farias, l\u00edder estudantil assassinado pela ditadura militar em 1972. A data foi escolhida por ser v\u00e9spera do anivers\u00e1rio do homenageado.<\/p>\n<p>Bergson Gurj\u00e3o foi l\u00edder do movimento estudantil na d\u00e9cada de 1960. Ocupou a vice-presid\u00eancia do Diret\u00f3rio Central dos Estudantes (DCE) e a diretoria do Centro Acad\u00eamico dos Institutos de Ci\u00eancias da UFC.<\/p>\n<p>Durante a ditadura militar, teve a matr\u00edcula no curso de Qu\u00edmica cassada por ser militante do Partido Comunista do Brasil (PCdoB). Participou da Guerrilha do Araguaia e na data prov\u00e1vel de maio de 1972, aos 25 anos, foi encontrado morto pelo Ex\u00e9rcito e divulgado como desaparecido.<\/p>\n<p>\u201cBergson tinha aquele idealismo, uma consci\u00eancia c\u00edvica muito grande. Quando ele desapareceu, depois que a gente soube da morte dele, foi aquela dor. Mas foi uma dor que a gente sabia que foi a escolha dele, que ele n\u00e3o fez nada disso sem pensar; era ele, a consci\u00eancia dele\u201d, diz a irm\u00e3 Ielnia, de 79 anos, que mora nos Estados Unidos.<\/p>\n<p><strong>Emo\u00e7\u00e3o<\/strong><br \/>\nOs restos mortais de Bergson foram encontrados nos anos 1990 na regi\u00e3o do Araguaia, no Par\u00e1, e identificados por meio de exame de DNA. Em 6 de outubro de 2009, com honras de Estado, os restos mortais de Bergson Gurj\u00e3o foram transferidos de Bras\u00edlia para Fortaleza.<\/p>\n<p>Ele foi velado na Reitoria da UFC e sepultado no cemit\u00e9rio Parque da Paz, ao lado do pai dele. Em 21 de fevereiro de 2010, quatro meses depois do rito, a m\u00e3e dele, Luiza Gurj\u00e3o Farias, faleceu aos 95 anos.<\/p>\n<p>\u201cSe ele tivesse terminado o curso e recebesse o diploma como todos os alunos, acho que teria sido o dia mais feliz da vida do papai e da mam\u00e3e. Para mim, \u00e9 muita emo\u00e7\u00e3o\u201d, disse a irm\u00e3 de Bergson.<\/p>\n<p><strong>Homenagens<\/strong><br \/>\nO l\u00edder estudantil j\u00e1 recebeu outras homenagens na universidade. Em dezembro de 2024, durante a comemora\u00e7\u00e3o dos 70 anos da UFC, foi inaugurado o Espa\u00e7o Cultural Bergson Gurj\u00e3o Farias, com a exposi\u00e7\u00e3o \u201cSementes de Lutas: aqui est\u00e1 presente o movimento estudantil!\u201d.<\/p>\n<p>A UFC tamb\u00e9m entregou o Termo de Reconcilia\u00e7\u00e3o Hist\u00f3rica a ex-militantes do movimento estudantil que foram perseguidos pela ditadura militar, com processos, impedimentos de matr\u00edcula, suspens\u00f5es, pris\u00f5es, torturas, assassinato e desaparecimento.<\/p>\n","protected":false},"excerpt":{"rendered":"<p>A Universidade Federal do Cear\u00e1 (UFC) concedeu nesta sexta-feira (16) o t\u00edtulo de gradua\u00e7\u00e3o post mortem a Bergson Gurj\u00e3o Farias, l\u00edder estudantil assassinado pela ditadura militar em 1972. A data foi escolhida por ser v\u00e9spera do anivers\u00e1rio do homenageado. Bergson Gurj\u00e3o foi l\u00edder do movimento estudantil na d\u00e9cada de 1960. Ocupou a vice-presid\u00eancia do Diret\u00f3rio [&hellip;]<\/p>\n","protected":false},"author":2,"featured_media":354029,"comment_status":"closed","ping_status":"closed","sticky":false,"template":"","format":"standard","meta":{"_acf_changed":false,"footnotes":""},"categories":[165],"tags":[],"class_list":["post-354028","post","type-post","status-publish","format-standard","has-post-thumbnail","hentry","category-nordeste"],"acf":[],"_links":{"self":[{"href":"https:\/\/www.notibras.com\/site\/wp-json\/wp\/v2\/posts\/354028","targetHints":{"allow":["GET"]}}],"collection":[{"href":"https:\/\/www.notibras.com\/site\/wp-json\/wp\/v2\/posts"}],"about":[{"href":"https:\/\/www.notibras.com\/site\/wp-json\/wp\/v2\/types\/post"}],"author":[{"embeddable":true,"href":"https:\/\/www.notibras.com\/site\/wp-json\/wp\/v2\/users\/2"}],"replies":[{"embeddable":true,"href":"https:\/\/www.notibras.com\/site\/wp-json\/wp\/v2\/comments?post=354028"}],"version-history":[{"count":3,"href":"https:\/\/www.notibras.com\/site\/wp-json\/wp\/v2\/posts\/354028\/revisions"}],"predecessor-version":[{"id":354032,"href":"https:\/\/www.notibras.com\/site\/wp-json\/wp\/v2\/posts\/354028\/revisions\/354032"}],"wp:featuredmedia":[{"embeddable":true,"href":"https:\/\/www.notibras.com\/site\/wp-json\/wp\/v2\/media\/354029"}],"wp:attachment":[{"href":"https:\/\/www.notibras.com\/site\/wp-json\/wp\/v2\/media?parent=354028"}],"wp:term":[{"taxonomy":"category","embeddable":true,"href":"https:\/\/www.notibras.com\/site\/wp-json\/wp\/v2\/categories?post=354028"},{"taxonomy":"post_tag","embeddable":true,"href":"https:\/\/www.notibras.com\/site\/wp-json\/wp\/v2\/tags?post=354028"}],"curies":[{"name":"wp","href":"https:\/\/api.w.org\/{rel}","templated":true}]}}