{"id":354076,"date":"2025-05-18T00:05:40","date_gmt":"2025-05-18T03:05:40","guid":{"rendered":"https:\/\/www.notibras.com\/site\/?p=354076"},"modified":"2025-05-18T09:47:08","modified_gmt":"2025-05-18T12:47:08","slug":"ceara-afunda-sport-e-garante-uma-vaga-no-g6","status":"publish","type":"post","link":"https:\/\/www.notibras.com\/site\/ceara-afunda-sport-e-garante-uma-vaga-no-g6\/","title":{"rendered":"Cear\u00e1 afunda Sport e garante uma vaga no G6"},"content":{"rendered":"<p>O Cear\u00e1 segue entre os seis primeiros colocados do Campeonato Brasileiro, o chamado G6, que d\u00e1 vaga \u00e0 pr\u00f3xima edi\u00e7\u00e3o da Libertadores. Neste s\u00e1bado (17), o Voz\u00e3o derrotou o Sport por 2 a 0 na Arena Castel\u00e3o, em Fortaleza. O duelo abriu a nona rodada da competi\u00e7\u00e3o.<\/p>\n<p>O Alvinegro foi a 15 pontos e saiu de campo em quinto lugar, ultrapassando provisoriamente o Fluminense, que vai a campo somente no domingo (18), \u00e0s 16h, no Est\u00e1dio Alfredo Jaconi, em Caxias do Sul (RS). O Le\u00e3o da Ilha do Retiro, por sua vez, permanece na 20\u00aa (e \u00faltima) posi\u00e7\u00e3o da S\u00e9rie A, com dois pontos. O Rubro-Negro \u00e9 o \u00fanico time que ainda n\u00e3o venceu neste Brasileir\u00e3o e igualou o pior in\u00edcio de Brasileir\u00e3o de sua hist\u00f3ria, registrado anteriormente em 1973.<\/p>\n<p>Os cearenses abriram o marcador com o meia Lucas Mugni (foto), aos dez minutos do primeiro tempo. O argentino &#8211; que vestiu a camisa com o n\u00famero 100, em alus\u00e3o \u00e0 marca centen\u00e1ria de partidas pelo clube, alcan\u00e7ada neste s\u00e1bado &#8211; aproveitou o rebote mal feito pela zaga e bateu de primeira, no cantinho do goleiro Ca\u00edque Fran\u00e7a. Aos 15 da etapa final, o atacante paraguaio Ant\u00f3nio Galeano foi lan\u00e7ado pelo volante Diego e finalizou na sa\u00edda do arqueiro rubro-negro, sem chances para defesa.<\/p>\n<p>O Sport volta a campo no domingo que vem (25), \u00e0s 16h, contra o Internacional, na Ilha do Retiro, em Recife, pela 10\u00aa rodada do Brasileir\u00e3o. Antes, na quinta-feira (22), o Cear\u00e1 visita o Palmeiras, no Allianz Parque, em S\u00e3o Paulo, pela terceira fase da Copa do Brasil.<\/p>\n<p>&nbsp;<\/p>\n","protected":false},"excerpt":{"rendered":"<p>O Cear\u00e1 segue entre os seis primeiros colocados do Campeonato Brasileiro, o chamado G6, que d\u00e1 vaga \u00e0 pr\u00f3xima edi\u00e7\u00e3o da Libertadores. Neste s\u00e1bado (17), o Voz\u00e3o derrotou o Sport por 2 a 0 na Arena Castel\u00e3o, em Fortaleza. O duelo abriu a nona rodada da competi\u00e7\u00e3o. O Alvinegro foi a 15 pontos e saiu [&hellip;]<\/p>\n","protected":false},"author":2,"featured_media":354077,"comment_status":"closed","ping_status":"closed","sticky":false,"template":"","format":"standard","meta":{"_acf_changed":false,"footnotes":""},"categories":[165],"tags":[],"class_list":["post-354076","post","type-post","status-publish","format-standard","has-post-thumbnail","hentry","category-nordeste"],"acf":[],"_links":{"self":[{"href":"https:\/\/www.notibras.com\/site\/wp-json\/wp\/v2\/posts\/354076","targetHints":{"allow":["GET"]}}],"collection":[{"href":"https:\/\/www.notibras.com\/site\/wp-json\/wp\/v2\/posts"}],"about":[{"href":"https:\/\/www.notibras.com\/site\/wp-json\/wp\/v2\/types\/post"}],"author":[{"embeddable":true,"href":"https:\/\/www.notibras.com\/site\/wp-json\/wp\/v2\/users\/2"}],"replies":[{"embeddable":true,"href":"https:\/\/www.notibras.com\/site\/wp-json\/wp\/v2\/comments?post=354076"}],"version-history":[{"count":1,"href":"https:\/\/www.notibras.com\/site\/wp-json\/wp\/v2\/posts\/354076\/revisions"}],"predecessor-version":[{"id":354078,"href":"https:\/\/www.notibras.com\/site\/wp-json\/wp\/v2\/posts\/354076\/revisions\/354078"}],"wp:featuredmedia":[{"embeddable":true,"href":"https:\/\/www.notibras.com\/site\/wp-json\/wp\/v2\/media\/354077"}],"wp:attachment":[{"href":"https:\/\/www.notibras.com\/site\/wp-json\/wp\/v2\/media?parent=354076"}],"wp:term":[{"taxonomy":"category","embeddable":true,"href":"https:\/\/www.notibras.com\/site\/wp-json\/wp\/v2\/categories?post=354076"},{"taxonomy":"post_tag","embeddable":true,"href":"https:\/\/www.notibras.com\/site\/wp-json\/wp\/v2\/tags?post=354076"}],"curies":[{"name":"wp","href":"https:\/\/api.w.org\/{rel}","templated":true}]}}