{"id":354099,"date":"2025-05-18T13:38:19","date_gmt":"2025-05-18T16:38:19","guid":{"rendered":"https:\/\/www.notibras.com\/site\/?p=354099"},"modified":"2025-05-18T13:38:19","modified_gmt":"2025-05-18T16:38:19","slug":"final-feliz-com-prisao-de-pastor-e-do-perigoso-bandido-bonecao-do-capeta","status":"publish","type":"post","link":"https:\/\/www.notibras.com\/site\/final-feliz-com-prisao-de-pastor-e-do-perigoso-bandido-bonecao-do-capeta\/","title":{"rendered":"Final feliz com pris\u00e3o de pastor e do perigoso bandido Bonec\u00e3o do Capeta"},"content":{"rendered":"<p>Minas Gerais \u00e9 t\u00e3o grande e repleta de hist\u00f3rias que, certa vez, dizem que, l\u00e1 pelos lados de Una\u00ed, um pastor foi preso por causa de algazarra na igreja em pleno domingo bem cedo. Os vizinhos reclamaram, e l\u00e1 foi a viatura da pol\u00edcia. Alguns fi\u00e9is exaltados foram detidos, enquanto o pastor acabou algemado a um not\u00f3rio bandido da regi\u00e3o, que estava passando por ali. Seu nome? Bem, n\u00e3o me recordo de tais detalhes, mas o gajo era conhecido como Bonec\u00e3o do Capeta.<\/p>\n<p>J\u00e1 na delegacia, o pastor e Bonec\u00e3o ficaram na mesma cela. Houve quem dissesse que ningu\u00e9m queria colocar a m\u00e3o no Bonec\u00e3o, que tinha l\u00e1 seus acordos com o Tinhoso. Os canas tiraram zerinho ou um para ver quem faria a condu\u00e7\u00e3o. Teve at\u00e9 um que pediu para sair mais cedo para ir se benzer.<\/p>\n<p>Cidade pequena, a hist\u00f3ria correu. Assim que chegou aos ouvidos do promotor, homem muito religioso que era, ele ligou imediatamente para o delegado.<\/p>\n<p>\u2014 Nem me apare\u00e7a com o Belzebu por aqui.<\/p>\n<p>\u2014 O que fa\u00e7o com ele?<\/p>\n<p>\u2014 Melhor dar um sumi\u00e7o nesse Coisa Ruim a\u00ed mesmo na delegacia.<\/p>\n<p>O delegado, que n\u00e3o tinha coragem para peitar o promotor, foi obrigado a abra\u00e7ar a causa. No entanto, medroso que era, tamb\u00e9m n\u00e3o queria se meter com o Bonec\u00e3o. Dar sumi\u00e7o no sujeito era alternativa plaus\u00edvel, mas lhe faltava valentia para tal.<\/p>\n<p>Diante de tamanho imbr\u00f3glio, eis que a autoridade m\u00e1xima da delegacia teve a certeza de ter encontrado a solu\u00e7\u00e3o perfeita. N\u00e3o tardou, foi ter um dedo de prosa com o pastor, que foi conduzido at\u00e9 uma sala reservada.<\/p>\n<p>\u2014 Tenho uma proposta.<\/p>\n<p>\u2014 Que proposta?<\/p>\n<p>\u2014 Voc\u00ea precisa dar um jeito no Bonec\u00e3o.<\/p>\n<p>\u2014 Eu?<\/p>\n<p>\u2014 Sim.<\/p>\n<p>\u2014 Voc\u00ea j\u00e1 viu o tamanho daquele cara?<\/p>\n<p>\u2014 E da\u00ed?<\/p>\n<p>\u2014 Da\u00ed que ningu\u00e9m pode com ele.<\/p>\n<p>\u2014 U\u00e9, pensei que voc\u00ea fosse um homem de Deus.<\/p>\n<p>\u2014 Hum!<\/p>\n<p>\u2014 Ent\u00e3o?<\/p>\n<p>\u2014 Ent\u00e3o, o qu\u00ea?<\/p>\n<p>\u2014 Posso contar com a ajuda divina?<\/p>\n<p>\u2014 Pois, ent\u00e3o, pe\u00e7a voc\u00ea diretamente a Deus.<\/p>\n<p>\u2014 Eu?<\/p>\n<p>\u2014 Sim!<\/p>\n<p>\u2014 Ah, pastor, parece que o senhor anda com problema de conex\u00e3o com Deus.<\/p>\n<p>O delegado percebeu que aquela discuss\u00e3o n\u00e3o iria dar frutos e, por isso, mandou o pastor de volta para cela. O religioso at\u00e9 tentou argumentar, mas n\u00e3o teve jeito.<\/p>\n<p>Sem alternativas poss\u00edveis, eis que o delegado mandou trazer o Bonec\u00e3o para sua sala. Mal entrou, o ambiente foi tomado por forte odor de enxofre. Olhos arregalados, o delegado pegou o len\u00e7o do bolso do palet\u00f3 e o colocou sobre as ventas.<\/p>\n<p>\u2014 Algum problema, delegado?<\/p>\n<p>\u2014 N\u00e3&#8230; N\u00e3o, seu Bonec\u00e3o. Peguei um resfriado.<\/p>\n<p>\u2014 Hum!<\/p>\n<p>\u2014 O senhor aceita uma \u00e1gua, um cafezinho, uns biscoitinhos?<\/p>\n<p>\u2014 Biscoitinhos?<\/p>\n<p>\u2014 Sim! Olha que s\u00e3o amanteigados!<\/p>\n<p>Enquanto mordiscava os biscoitos, o criminoso encarava o delegado, que suava em bicas.<\/p>\n<p>\u2014 T\u00e1 suando por qu\u00ea, delegado?<\/p>\n<p>\u2014 T\u00e1 calor, n\u00e9?<\/p>\n<p>\u2014 Calor? Estamos no inverno, delegado!<\/p>\n<p>\u2014 \u00c9 que sou calorento.<\/p>\n<p>\u2014 Hum!<\/p>\n<p>\u2014 E esse ar condicionado que n\u00e3o funciona direito.<\/p>\n<p>\u2014 Hum!<\/p>\n<p>\u2014 Sabe, seu Bonec\u00e3o, andei pensando em uma coisa.<\/p>\n<p>\u2014 Pois, diga, delegado!<\/p>\n<p>\u2014 O senhor j\u00e1 pensou em se mudar?<\/p>\n<p>\u2014 Mudar?<\/p>\n<p>\u2014 \u00c9.<\/p>\n<p>\u2014 E pra onde, delegado?<\/p>\n<p>\u2014 Bras\u00edlia.<\/p>\n<p>\u2014 Bras\u00edlia?<\/p>\n<p>\u2014 \u00c9. Ouvi dizer que, por l\u00e1, um tipo como o senhor se daria bem na vida.<\/p>\n<p>\u2014 Um tipo que nem eu?<\/p>\n<p>\u2014 Sim!<\/p>\n<p>\u2014 Hum! Pode ser. Mas como eu iria pra l\u00e1, se voc\u00ea me prendeu?<\/p>\n<p>Foi a\u00ed que, de repente, um relampejo de lucidez passou diante dos olhos do delegado. Ele se levantou e, alegando que o calor estava insuport\u00e1vel, abriu a janela. Em seguida, disse que precisava ir ao banheiro, mas que o Bonec\u00e3o ficasse \u00e0 vontade.<\/p>\n<p>Quase meia hora ap\u00f3s, j\u00e1 com os intestinos vazios, eis que o delegado retornou para sua sala. Nem sinal do Bonec\u00e3o do Capeta. E, at\u00e9 hoje, n\u00e3o se sabe se ele seguiu os conselhos do delegado e, ent\u00e3o, rumou para a capital do pa\u00eds. O certo \u00e9 que o tal criminoso nunca mais foi visto na regi\u00e3o.<\/p>\n<p>&#8230;&#8230;&#8230;&#8230;&#8230;&#8230;&#8230;&#8230;<\/p>\n<p><strong>Eduardo Mart\u00ednez \u00e9 autor do livro 57 Contos e Cr\u00f4nicas por um Autor Muito Velho\u2019<\/strong><\/p>\n<p>Compre aqui\u00a0<span class=\"x19la9d6 x1fc57z9 x6ikm8r x10wlt62 x19co3pv x1g5zs5t xfibh0p xiy17q3 x1xsqp64 x1lkfr7t xexx8yu x4uap5 x18d9i69 xkhd6sd\"><span class=\"xrtxmta x1bhl96m\"><img decoding=\"async\" class=\"emoji\" role=\"img\" draggable=\"false\" src=\"https:\/\/s.w.org\/images\/core\/emoji\/15.0.3\/svg\/1f447-1f3ff.svg\" alt=\"&#x1f447;&#x1f3ff;\" \/><\/span><\/span><\/p>\n<p><a href=\"https:\/\/www.joanineditora.com.br\/57-contos-e-cronicas-por-um-autor-muito-velho\">https:\/\/www.joanineditora.com.br\/57-contos-e-cronicas-por-um-autor-muito-velho<\/a><\/p>\n","protected":false},"excerpt":{"rendered":"<p>Minas Gerais \u00e9 t\u00e3o grande e repleta de hist\u00f3rias que, certa vez, dizem que, l\u00e1 pelos lados de Una\u00ed, um pastor foi preso por causa de algazarra na igreja em pleno domingo bem cedo. Os vizinhos reclamaram, e l\u00e1 foi a viatura da pol\u00edcia. Alguns fi\u00e9is exaltados foram detidos, enquanto o pastor acabou algemado a [&hellip;]<\/p>\n","protected":false},"author":2,"featured_media":354100,"comment_status":"closed","ping_status":"closed","sticky":false,"template":"","format":"standard","meta":{"_acf_changed":false,"footnotes":""},"categories":[161],"tags":[],"class_list":["post-354099","post","type-post","status-publish","format-standard","has-post-thumbnail","hentry","category-quadradinho-em-foco"],"acf":[],"_links":{"self":[{"href":"https:\/\/www.notibras.com\/site\/wp-json\/wp\/v2\/posts\/354099","targetHints":{"allow":["GET"]}}],"collection":[{"href":"https:\/\/www.notibras.com\/site\/wp-json\/wp\/v2\/posts"}],"about":[{"href":"https:\/\/www.notibras.com\/site\/wp-json\/wp\/v2\/types\/post"}],"author":[{"embeddable":true,"href":"https:\/\/www.notibras.com\/site\/wp-json\/wp\/v2\/users\/2"}],"replies":[{"embeddable":true,"href":"https:\/\/www.notibras.com\/site\/wp-json\/wp\/v2\/comments?post=354099"}],"version-history":[{"count":1,"href":"https:\/\/www.notibras.com\/site\/wp-json\/wp\/v2\/posts\/354099\/revisions"}],"predecessor-version":[{"id":354101,"href":"https:\/\/www.notibras.com\/site\/wp-json\/wp\/v2\/posts\/354099\/revisions\/354101"}],"wp:featuredmedia":[{"embeddable":true,"href":"https:\/\/www.notibras.com\/site\/wp-json\/wp\/v2\/media\/354100"}],"wp:attachment":[{"href":"https:\/\/www.notibras.com\/site\/wp-json\/wp\/v2\/media?parent=354099"}],"wp:term":[{"taxonomy":"category","embeddable":true,"href":"https:\/\/www.notibras.com\/site\/wp-json\/wp\/v2\/categories?post=354099"},{"taxonomy":"post_tag","embeddable":true,"href":"https:\/\/www.notibras.com\/site\/wp-json\/wp\/v2\/tags?post=354099"}],"curies":[{"name":"wp","href":"https:\/\/api.w.org\/{rel}","templated":true}]}}