{"id":354102,"date":"2025-05-19T02:15:09","date_gmt":"2025-05-19T05:15:09","guid":{"rendered":"https:\/\/www.notibras.com\/site\/?p=354102"},"modified":"2025-05-18T18:15:56","modified_gmt":"2025-05-18T21:15:56","slug":"camara-promove-evento-sobre-valorizacao-da-mulher","status":"publish","type":"post","link":"https:\/\/www.notibras.com\/site\/camara-promove-evento-sobre-valorizacao-da-mulher\/","title":{"rendered":"C\u00e2mara promove evento sobre valoriza\u00e7\u00e3o da mulher"},"content":{"rendered":"<p>A C\u00e2mara Legislativa promover\u00e1, de 27 a 29, a 6a Semana Legislativa pela Mulher (6a SLPM). O evento visa promover a valoriza\u00e7\u00e3o social e profissional das mulheres, a equidade de g\u00eanero e a conquista de direitos. A programa\u00e7\u00e3o inclui palestras e confer\u00eancias que abordar\u00e3o temas cruciais para a autonomia feminina e o equil\u00edbrio entre homens e mulheres. Al\u00e9m disso, est\u00e3o previstas atividades especiais e o oferecimento de servi\u00e7os. O evento \u00e9 gratuito e aberto ao p\u00fablico.<\/p>\n<p>A abertura ocorrer\u00e1 no dia 27, \u00e0s 9h30, no Audit\u00f3rio da Casa. A data \u00e9 considerada o &#8220;Dia D da Luta por Equidade e Direitos para as Mulheres&#8221;, por ocasi\u00e3o da Sess\u00e3o Plen\u00e1ria Especial. A reuni\u00e3o da CLDF ser\u00e1 dedicada \u00e0 discuss\u00e3o e vota\u00e7\u00e3o de projetos de lei pendentes, e que beneficiam e promovem a busca das mulheres por direitos e reconhecimento.<\/p>\n<p>A procuradora Especial da Mulher da CLDF, deputada Paula Belmonte (Cidadania), fez um convite \u00e0 popula\u00e7\u00e3o, e em especial \u00e0s mulheres, para que participem da sess\u00e3o e das atividades da 6a SLPM. A deputada ressaltou a import\u00e2ncia da participa\u00e7\u00e3o feminina no desenvolvimento de novas leis, pol\u00edticas p\u00fablicas e a\u00e7\u00f5es legislativas necess\u00e1rias para implementar melhorias reais \u00e0 vida no DF.<\/p>\n<p>\u201cO 27 de maio ser\u00e1 um dia muito importante para todas n\u00f3s mulheres aqui em Bras\u00edlia. Ser\u00e1 o nosso \u2018Dia D\u2019! O dia das coisas acontecerem, de reunirmos propostas para fazer avan\u00e7ar as pol\u00edticas p\u00fablicas, a legisla\u00e7\u00e3o e a participa\u00e7\u00e3o da mulher na pol\u00edtica\u201d, afirmou a deputada.<\/p>\n<p>Ao longo da programa\u00e7\u00e3o, est\u00e3o previstas palestras de especialistas como a ministra do Tribunal Superior Eleitoral (TSE) Edilene L\u00f4bo; a servidora da Controladoria-Geral do Distrito Federal (CGDF) Michelle Gomes Heringer Caldeira; e a diretora da Dom Casero, Tatiane Freitas. As parlamentares Dayse Amarilio (PSB), Doutora Jane (MDB), Jaqueline Silva (MDB) e Paula Belmonte far\u00e3o uma confer\u00eancia de ideias com a professora Giovanna Perlin, antes da Sess\u00e3o Plen\u00e1ria Especial. Elas ir\u00e3o discutir os desafios e estrat\u00e9gias do Legislativo para a promo\u00e7\u00e3o da autonomia feminina e de direitos para a equidade.<\/p>\n<p>Outra atividade de destaque \u00e9 a mesa de conversa especial: &#8220;Mulheres que Inspiram&#8221;, em que participantes como Ilda Peliz, Lydia Garcia, Maria de Lourdes Abadia, Marlla Ang\u00e9lica Costa e Katia Ferreira compartilhar\u00e3o suas incr\u00edveis hist\u00f3rias de vida e experi\u00eancias em diferentes \u00e1reas.<\/p>\n<p>O evento tamb\u00e9m contar\u00e1 com atividades especiais, como o projeto &#8220;C\u00e2mara Vai \u00e0 Comunidade&#8221;, realizado pela Escola do Legislativo do DF &#8211; Elegis, que visa identificar problemas relacionados \u00e0 pauta feminina na comunidade do bairro Porto Rico, Gama\/Santa Maria, e propor solu\u00e7\u00f5es legislativas. Tamb\u00e9m est\u00e1 programada a homenagem a 72 mulheres, com mo\u00e7\u00f5es, destacando suas contribui\u00e7\u00f5es e viv\u00eancias em todas as regi\u00f5es administrativas do DF.<\/p>\n<p><strong>Servi\u00e7o<\/strong><br \/>\n6a Semana Legislativa pela Mulher<br \/>\nData: 27 a 29 de maio de 2025<br \/>\nLocal: C\u00e2mara Legislativa do Distrito Federal<br \/>\nInscri\u00e7\u00f5es: Gratuitas abertas ao p\u00fablico no portal da CLDF<\/p>\n","protected":false},"excerpt":{"rendered":"<p>A C\u00e2mara Legislativa promover\u00e1, de 27 a 29, a 6a Semana Legislativa pela Mulher (6a SLPM). O evento visa promover a valoriza\u00e7\u00e3o social e profissional das mulheres, a equidade de g\u00eanero e a conquista de direitos. A programa\u00e7\u00e3o inclui palestras e confer\u00eancias que abordar\u00e3o temas cruciais para a autonomia feminina e o equil\u00edbrio entre homens [&hellip;]<\/p>\n","protected":false},"author":2,"featured_media":290205,"comment_status":"closed","ping_status":"closed","sticky":false,"template":"","format":"standard","meta":{"_acf_changed":false,"footnotes":""},"categories":[161],"tags":[],"class_list":["post-354102","post","type-post","status-publish","format-standard","has-post-thumbnail","hentry","category-quadradinho-em-foco"],"acf":[],"_links":{"self":[{"href":"https:\/\/www.notibras.com\/site\/wp-json\/wp\/v2\/posts\/354102","targetHints":{"allow":["GET"]}}],"collection":[{"href":"https:\/\/www.notibras.com\/site\/wp-json\/wp\/v2\/posts"}],"about":[{"href":"https:\/\/www.notibras.com\/site\/wp-json\/wp\/v2\/types\/post"}],"author":[{"embeddable":true,"href":"https:\/\/www.notibras.com\/site\/wp-json\/wp\/v2\/users\/2"}],"replies":[{"embeddable":true,"href":"https:\/\/www.notibras.com\/site\/wp-json\/wp\/v2\/comments?post=354102"}],"version-history":[{"count":1,"href":"https:\/\/www.notibras.com\/site\/wp-json\/wp\/v2\/posts\/354102\/revisions"}],"predecessor-version":[{"id":354103,"href":"https:\/\/www.notibras.com\/site\/wp-json\/wp\/v2\/posts\/354102\/revisions\/354103"}],"wp:featuredmedia":[{"embeddable":true,"href":"https:\/\/www.notibras.com\/site\/wp-json\/wp\/v2\/media\/290205"}],"wp:attachment":[{"href":"https:\/\/www.notibras.com\/site\/wp-json\/wp\/v2\/media?parent=354102"}],"wp:term":[{"taxonomy":"category","embeddable":true,"href":"https:\/\/www.notibras.com\/site\/wp-json\/wp\/v2\/categories?post=354102"},{"taxonomy":"post_tag","embeddable":true,"href":"https:\/\/www.notibras.com\/site\/wp-json\/wp\/v2\/tags?post=354102"}],"curies":[{"name":"wp","href":"https:\/\/api.w.org\/{rel}","templated":true}]}}