{"id":354104,"date":"2025-05-18T18:20:51","date_gmt":"2025-05-18T21:20:51","guid":{"rendered":"https:\/\/www.notibras.com\/site\/?p=354104"},"modified":"2025-05-18T18:20:51","modified_gmt":"2025-05-18T21:20:51","slug":"tuta-cerebro-pensante-do-pcc-ja-esta-na-papuda","status":"publish","type":"post","link":"https:\/\/www.notibras.com\/site\/tuta-cerebro-pensante-do-pcc-ja-esta-na-papuda\/","title":{"rendered":"Tuta, c\u00e9rebro pensante do PCC, j\u00e1 est\u00e1 na Papuda"},"content":{"rendered":"<p>J\u00e1 se encontra na Penitenci\u00e1ria Federal em Bras\u00edlia o integrante da organiza\u00e7\u00e3o criminosa Primeiro Comando da Capital (PCC) Marcos Roberto de Almeida, mais conhecido como Tuta. Ele foi preso na sexta-feira (16), ao comparecer a uma unidade policial da Bol\u00edvia para tratar de quest\u00f5es migrat\u00f3rias.<\/p>\n<p>O Minist\u00e9rio da Justi\u00e7a divulgou imagens do embarque de Tuta em avi\u00e3o da PF, em Santa Cruz, em uma opera\u00e7\u00e3o de transfer\u00eancia que envolveu 50 integrantes da Pol\u00edcia Federal.<\/p>\n<p>A escolta at\u00e9 a Penitenci\u00e1ria Federal em Bras\u00edlia contou com 18 homens da Pol\u00edcia Penal Federal, al\u00e9m do apoio das pol\u00edcias Militar e Civil do Distrito Federal.<\/p>\n<p>&#8220;O criminoso ficar\u00e1 detido em pres\u00eddio de seguran\u00e7a m\u00e1xima do Sistema Penitenci\u00e1rio Federal (SPF), cujo objetivo \u00e9 isolar lideran\u00e7as criminosas e presos de alta periculosidade&#8221;, informou a PF, em nota<\/p>\n<p><strong>Pris\u00e3o<\/strong><br \/>\nAo ser preso na Bol\u00edvia, Marcos Roberto apresentou \u00e0s autoridades bolivianas um documento falso, no qual se chamaria Maycon da Silva. A falsidade foi detectada imediatamente e, na sequ\u00eancia, foram acionadas Interpol e um oficial da Pol\u00edcia Federal.<\/p>\n<p>O brasileiro foi identificado como um dos principais articuladores de um esquema internacional de lavagem de dinheiro vinculado \u00e0 organiza\u00e7\u00e3o criminosa. Ele consta na Lista de Difus\u00e3o Vermelha da Interpol (Organiza\u00e7\u00e3o Internacional de Pol\u00edcia Criminal).<\/p>\n<p>Foragido internacional desde 2020, Tuta \u00e9 condenado a 12 anos de pris\u00e3o no Brasil por crimes de organiza\u00e7\u00e3o criminosa, lavagem de dinheiro e tr\u00e1fico de drogas.<\/p>\n","protected":false},"excerpt":{"rendered":"<p>J\u00e1 se encontra na Penitenci\u00e1ria Federal em Bras\u00edlia o integrante da organiza\u00e7\u00e3o criminosa Primeiro Comando da Capital (PCC) Marcos Roberto de Almeida, mais conhecido como Tuta. Ele foi preso na sexta-feira (16), ao comparecer a uma unidade policial da Bol\u00edvia para tratar de quest\u00f5es migrat\u00f3rias. O Minist\u00e9rio da Justi\u00e7a divulgou imagens do embarque de Tuta [&hellip;]<\/p>\n","protected":false},"author":2,"featured_media":354105,"comment_status":"closed","ping_status":"closed","sticky":false,"template":"","format":"standard","meta":{"_acf_changed":false,"footnotes":""},"categories":[161],"tags":[],"class_list":["post-354104","post","type-post","status-publish","format-standard","has-post-thumbnail","hentry","category-quadradinho-em-foco"],"acf":[],"_links":{"self":[{"href":"https:\/\/www.notibras.com\/site\/wp-json\/wp\/v2\/posts\/354104","targetHints":{"allow":["GET"]}}],"collection":[{"href":"https:\/\/www.notibras.com\/site\/wp-json\/wp\/v2\/posts"}],"about":[{"href":"https:\/\/www.notibras.com\/site\/wp-json\/wp\/v2\/types\/post"}],"author":[{"embeddable":true,"href":"https:\/\/www.notibras.com\/site\/wp-json\/wp\/v2\/users\/2"}],"replies":[{"embeddable":true,"href":"https:\/\/www.notibras.com\/site\/wp-json\/wp\/v2\/comments?post=354104"}],"version-history":[{"count":1,"href":"https:\/\/www.notibras.com\/site\/wp-json\/wp\/v2\/posts\/354104\/revisions"}],"predecessor-version":[{"id":354106,"href":"https:\/\/www.notibras.com\/site\/wp-json\/wp\/v2\/posts\/354104\/revisions\/354106"}],"wp:featuredmedia":[{"embeddable":true,"href":"https:\/\/www.notibras.com\/site\/wp-json\/wp\/v2\/media\/354105"}],"wp:attachment":[{"href":"https:\/\/www.notibras.com\/site\/wp-json\/wp\/v2\/media?parent=354104"}],"wp:term":[{"taxonomy":"category","embeddable":true,"href":"https:\/\/www.notibras.com\/site\/wp-json\/wp\/v2\/categories?post=354104"},{"taxonomy":"post_tag","embeddable":true,"href":"https:\/\/www.notibras.com\/site\/wp-json\/wp\/v2\/tags?post=354104"}],"curies":[{"name":"wp","href":"https:\/\/api.w.org\/{rel}","templated":true}]}}